{"id":608,"date":"2023-12-26T13:26:00","date_gmt":"2023-12-26T16:26:00","guid":{"rendered":"https:\/\/salvape.com.br\/blog\/?p=608"},"modified":"2024-01-24T13:28:54","modified_gmt":"2024-01-24T16:28:54","slug":"mobilidade-idosos-domestico","status":"publish","type":"post","link":"https:\/\/salvape.com.br\/blog\/mobilidade-idosos-domestico\/","title":{"rendered":"A import\u00e2ncia da mobilidade para os idosos no ambiente dom\u00e9stico"},"content":{"rendered":"\n<p>A mobilidade no ambiente dom\u00e9stico \u00e9 um fator crucial para manter autonomia e qualidade de vida de pessoas idosas, sendo necess\u00e1ria a ado\u00e7\u00e3o de medidas e adapta\u00e7\u00f5es para promover um ambiente mais seguro para os idosos.<\/p>\n\n\n\n<p>Antes de tudo, \u00e9 necess\u00e1rio avaliar corretamente as necessidades espec\u00edficas do idoso em rela\u00e7\u00e3o \u00e0 mobilidade, o que inclui identificar poss\u00edveis dificuldades de locomo\u00e7\u00e3o como problemas de equil\u00edbrio, fraqueza muscular ou limita\u00e7\u00f5es f\u00edsicas decorrentes de doen\u00e7as cr\u00f4nicas.<\/p>\n\n\n\n<p><a href=\"https:\/\/salvape.com.br\/blog\/dor-nas-costas-na-hora-de-dormir-veja-o-que-voce-pode-fazer\/\">+ Dor nas costas na hora de dormir: veja o que voc\u00ea pode fazer<\/a><\/p>\n\n\n\n<p>A partir destes crit\u00e9rios, \u00e9 poss\u00edvel realizar adapta\u00e7\u00f5es no ambiente dom\u00e9stico, que se tornam primordiais na preven\u00e7\u00e3o de quedas e outros acidentes relacionados \u00e0 mobilidade.<\/p>\n\n\n\n<p>Veja a seguir as principais mudan\u00e7as que devem ser feitas na resid\u00eancia para favorecer a seguran\u00e7a dos idosos:<\/p>\n\n\n\n<h2 class=\"wp-block-heading\"><strong>Instalar corrim\u00e3os<\/strong><\/h2>\n\n\n\n<p>Escadas e rampas podem ser um grande entrave para a mobilidade dom\u00e9stica de idosos, devido a fatores como dificuldades na vis\u00e3o, desequil\u00edbrio e fraqueza muscular, entre outros.<\/p>\n\n\n\n<p>Por isso, o recomendado \u00e9 que idosos optem por casas t\u00e9rreas, que eliminam os riscos associados \u00e0s escadas e degraus.<\/p>\n\n\n\n<p>Por\u00e9m, nem sempre isso \u00e9 poss\u00edvel: nestes casos, o ideal \u00e9 realizar a instala\u00e7\u00e3o de corrim\u00e3os em todas as escadas, degraus e rampas da resid\u00eancia, o que contribui para a preven\u00e7\u00e3o de quedas e escorreg\u00f5es \u2014 situa\u00e7\u00f5es que oferecem risco de fraturas grav\u00edssimas para idosos.<\/p>\n\n\n\n<h2 class=\"wp-block-heading\"><strong>Evitar tapetes soltos<\/strong><\/h2>\n\n\n\n<p>Outro fator de risco para quedas e acidentes no ambiente dom\u00e9stico s\u00e3o os tapetes, que podem se tornam verdadeiras armadilhas quando est\u00e3o soltos, mal fixados ou at\u00e9 mesmo colocados em locais de circula\u00e7\u00e3o.<\/p>\n\n\n\n<p>O recomendado \u00e9 evitar tapetes soltos em casas onde residem idosos; se necess\u00e1rio, fixe-os corretamente utilizando velcro ou fitas adesivas para evitar trope\u00e7\u00f5es e quedas.<\/p>\n\n\n\n<p><a href=\"https:\/\/salvape.com.br\/blog\/veja-como-ter-um-envelhecimento-saudavel-com-5-dicas\/\">+ Veja como ter um envelhecimento saud\u00e1vel com 5 dicas<\/a><\/p>\n\n\n\n<h2 class=\"wp-block-heading\"><strong>Proteger quinas<\/strong><\/h2>\n\n\n\n<p>Quinas afiadas de m\u00f3veis ou objetos pontiagudos representam perigos potenciais para idosos no ambiente dom\u00e9stico, podendo causar les\u00f5es e ferimentos graves em caso de quedas.<\/p>\n\n\n\n<p>Felizmente, existem boas op\u00e7\u00f5es de protetores para quinas em lojas especializadas, que s\u00e3o feitos de materiais como silicone e garantem prote\u00e7\u00e3o adicional para os moradores.<\/p>\n\n\n\n<h2 class=\"wp-block-heading\"><strong>Manter a ilumina\u00e7\u00e3o adequada<\/strong><\/h2>\n\n\n\n<p>Locais escuros e mal iluminados oferecem diversos riscos para os idosos, principalmente durante a noite ou em \u00e1reas da casa que n\u00e3o recebem ilumina\u00e7\u00e3o natural, como corredores e c\u00f4modos sem janelas.<\/p>\n\n\n\n<p>Sendo assim, \u00e9 primordial se manter atento \u00e0 ilumina\u00e7\u00e3o de toda a resid\u00eancia, optando por l\u00e2mpadas de qualidade (de prefer\u00eancia as de LED) e tamb\u00e9m utilizando l\u00e2mpadas noturnas em \u00e1reas de passagem frequente, como corredores, quartos e banheiros.<\/p>\n\n\n\n<p><a href=\"https:\/\/salvape.com.br\/blog\/dor-na-lombar-quais-sao-as-causas-sintomas-e-tratamentos\/\">+ Dor na lombar: quais s\u00e3o as causas, sintomas e tratamentos?<\/a><\/p>\n\n\n\n<h2 class=\"wp-block-heading\"><strong>Optar por pisos antideslizantes<\/strong><\/h2>\n\n\n\n<p>Superf\u00edcies escorregadias tamb\u00e9m aumentam o risco de escorreg\u00f5es e quedas, o que contribui negativamente com a seguran\u00e7a e autonomia dos idosos no ambiente dom\u00e9stico.<\/p>\n\n\n\n<p>Pisos frios, como cer\u00e2mica e porcelanato, possuem superf\u00edcies naturalmente mais escorregadias, e se tornam ainda mais perigosos quando molhados.<\/p>\n\n\n\n<p>Em \u00e1reas da casa onde a umidade est\u00e1 presente, como cozinha e banheiro, \u00e9 fundamental optar por pisos antideslizantes, que ir\u00e3o refor\u00e7ar a seguran\u00e7a contra quedas e outros acidentes.<\/p>\n\n\n\n<h2 class=\"wp-block-heading\"><strong>Refor\u00e7ar a seguran\u00e7a do banheiro<\/strong><\/h2>\n\n\n\n<p>Al\u00e9m de contar com pisos antideslizantes, existem outras medidas que devem ser feitas no banheiro, um dos locais que mais oferecem risco para os idosos, especialmente na hora do banho.<\/p>\n\n\n\n<p>Entre as medidas, est\u00e3o: instala\u00e7\u00e3o de corrim\u00e3os ao lado do vaso sanit\u00e1rio e no box do chuveiro; utilizar tapetes emborrachados e com fixadores para melhor estabilidade no banho; orientar ao idoso o uso imprescind\u00edvel de chinelo de dedo durante o banho.<\/p>\n\n\n\n<p><a href=\"https:\/\/salvape.com.br\/blog\/entenda-o-que-e-a-osteoporose-e-quais-os-riscos-dela-para-coluna\/\">+ Entenda o que \u00e9 a osteoporose e quais os riscos dela para a coluna<\/a><\/p>\n\n\n\n<h2 class=\"wp-block-heading\"><strong>SalvaP\u00e9: qualidade e tecnologia em produtos ortop\u00e9dicos<\/strong><\/h2>\n\n\n\n<p>Unindo pioneirismo e tradi\u00e7\u00e3o desde 1938, a SalvaP\u00e9 lidera o mercado ortop\u00e9dico brasileiro, oferecendo centenas de produtos, entre nacionais e importados, divididos em diversas linhas devidamente registradas nos \u00f3rg\u00e3os competentes.<\/p>\n\n\n\n<p><a href=\"https:\/\/salvape.com.br\/blog\/o-que-e-hernia-de-disco-entenda-os-sintomas-e-tratamentos\/\">+ O que \u00e9 h\u00e9rnia de disco: entenda os sintomas e tratamentos<\/a><\/p>\n\n\n\n<p>A SalvaP\u00e9 \u00e9 fabricante, importadora e distribuidora de uma extensa linha de produtos para preven\u00e7\u00e3o, tratamento e reabilita\u00e7\u00e3o.<\/p>\n\n\n\n<p>Abrangendo o mercado hospitalar, cir\u00fargico e ortop\u00e9dico, atendemos atualmente milhares de ortopedistas, fisiatras, fisioterapeutas e, claro, pacientes de todo o Brasil.<\/p>\n\n\n\n<p>Confira tudo sobre a linha completa de produtos ortop\u00e9dicos da SalvaP\u00e9 e veja onde encontrar:<a href=\"https:\/\/salvape.com.br\/\"> acesse nosso site<\/a> e saiba mais!<\/p>\n\n\n\n<div class=\"wp-block-columns has-2-columns is-layout-flex wp-container-core-columns-is-layout-28f84493 wp-block-columns-is-layout-flex\"><\/div>\n","protected":false},"excerpt":{"rendered":"<p>A mobilidade no ambiente dom\u00e9stico \u00e9 um fator crucial para manter autonomia e qualidade de vida de pessoas idosas, sendo necess\u00e1ria a ado\u00e7\u00e3o de medidas e adapta\u00e7\u00f5es para promover um ambiente mais seguro para os idosos. Antes de tudo, \u00e9 necess\u00e1rio avaliar corretamente as necessidades espec\u00edficas do idoso em rela\u00e7\u00e3o \u00e0 mobilidade, o que inclui [&hellip;]<\/p>\n","protected":false},"author":1,"featured_media":610,"comment_status":"closed","ping_status":"open","sticky":false,"template":"","format":"standard","meta":{"site-sidebar-layout":"default","site-content-layout":"","ast-site-content-layout":"","site-content-style":"default","site-sidebar-style":"default","ast-global-header-display":"","ast-banner-title-visibility":"","ast-main-header-display":"","ast-hfb-above-header-display":"","ast-hfb-below-header-display":"","ast-hfb-mobile-header-display":"","site-post-title":"","ast-breadcrumbs-content":"","ast-featured-img":"","footer-sml-layout":"","theme-transparent-header-meta":"","adv-header-id-meta":"","stick-header-meta":"","header-above-stick-meta":"","header-main-stick-meta":"","header-below-stick-meta":"","astra-migrate-meta-layouts":"default","ast-page-background-enabled":"default","ast-page-background-meta":{"desktop":{"background-color":"var(--ast-global-color-4)","background-image":"","background-repeat":"repeat","background-position":"center center","background-size":"auto","background-attachment":"scroll","background-type":"","background-media":"","overlay-type":"","overlay-color":"","overlay-opacity":"","overlay-gradient":""},"tablet":{"background-color":"","background-image":"","background-repeat":"repeat","background-position":"center center","background-size":"auto","background-attachment":"scroll","background-type":"","background-media":"","overlay-type":"","overlay-color":"","overlay-opacity":"","overlay-gradient":""},"mobile":{"background-color":"","background-image":"","background-repeat":"repeat","background-position":"center center","background-size":"auto","background-attachment":"scroll","background-type":"","background-media":"","overlay-type":"","overlay-color":"","overlay-opacity":"","overlay-gradient":""}},"ast-content-background-meta":{"desktop":{"background-color":"var(--ast-global-color-5)","background-image":"","background-repeat":"repeat","background-position":"center center","background-size":"auto","background-attachment":"scroll","background-type":"","background-media":"","overlay-type":"","overlay-color":"","overlay-opacity":"","overlay-gradient":""},"tablet":{"background-color":"var(--ast-global-color-5)","background-image":"","background-repeat":"repeat","background-position":"center center","background-size":"auto","background-attachment":"scroll","background-type":"","background-media":"","overlay-type":"","overlay-color":"","overlay-opacity":"","overlay-gradient":""},"mobile":{"background-color":"var(--ast-global-color-5)","background-image":"","background-repeat":"repeat","background-position":"center center","background-size":"auto","background-attachment":"scroll","background-type":"","background-media":"","overlay-type":"","overlay-color":"","overlay-opacity":"","overlay-gradient":""}},"footnotes":""},"categories":[7],"tags":[32,33,31],"class_list":["post-608","post","type-post","status-publish","format-standard","has-post-thumbnail","hentry","category-saude","tag-acidentes","tag-ambiente-domestico","tag-mobilidade"],"yoast_head":"<!-- This site is optimized with the Yoast SEO plugin v26.3 - https:\/\/yoast.com\/wordpress\/plugins\/seo\/ -->\r\n<title>A import\u00e2ncia da mobilidade para os idosos no ambiente dom\u00e9stico - SalvaP\u00e9 -<\/title>\r\n<meta name=\"description\" content=\"A mobilidade segura e funcional para os idosos no ambiente dom\u00e9stico \u00e9 primordial para a qualidade de vida e preven\u00e7\u00e3o de acidentes. Saiba mais aqui!\" \/>\r\n<meta name=\"robots\" content=\"index, follow, max-snippet:-1, max-image-preview:large, max-video-preview:-1\" \/>\r\n<link rel=\"canonical\" href=\"https:\/\/salvape.com.br\/blog\/mobilidade-idosos-domestico\/\" \/>\r\n<meta property=\"og:locale\" content=\"pt_BR\" \/>\r\n<meta property=\"og:type\" content=\"article\" \/>\r\n<meta property=\"og:title\" content=\"A import\u00e2ncia da mobilidade para os idosos no ambiente dom\u00e9stico\" \/>\r\n<meta property=\"og:description\" content=\"A mobilidade segura e funcional para os idosos no ambiente dom\u00e9stico \u00e9 primordial para a qualidade de vida e preven\u00e7\u00e3o de acidentes. Saiba mais aqui!\" \/>\r\n<meta property=\"og:url\" content=\"https:\/\/salvape.com.br\/blog\/mobilidade-idosos-domestico\/\" \/>\r\n<meta property=\"og:site_name\" content=\"SalvaP\u00e9 -\" \/>\r\n<meta property=\"article:publisher\" content=\"https:\/\/www.facebook.com\/salvape.ortopedicos\" \/>\r\n<meta property=\"article:published_time\" content=\"2023-12-26T16:26:00+00:00\" \/>\r\n<meta property=\"article:modified_time\" content=\"2024-01-24T16:28:54+00:00\" \/>\r\n<meta property=\"og:image\" content=\"https:\/\/salvape.com.br\/blog\/wp-content\/uploads\/2024\/01\/mobilidade-idosos-domestico.jpeg\" \/>\r\n\t<meta property=\"og:image:width\" content=\"1199\" \/>\r\n\t<meta property=\"og:image:height\" content=\"658\" \/>\r\n\t<meta property=\"og:image:type\" content=\"image\/jpeg\" \/>\r\n<meta name=\"author\" content=\"Equipe Salvap\u00e9\" \/>\r\n<meta name=\"twitter:card\" content=\"summary_large_image\" \/>\r\n<meta name=\"twitter:title\" content=\"A import\u00e2ncia da mobilidade para os idosos no ambiente dom\u00e9stico\" \/>\r\n<meta name=\"twitter:description\" content=\"A mobilidade segura e funcional para os idosos no ambiente dom\u00e9stico \u00e9 primordial para a qualidade de vida e preven\u00e7\u00e3o de acidentes. Saiba mais aqui!\" \/>\r\n<meta name=\"twitter:image\" content=\"https:\/\/salvape.com.br\/blog\/wp-content\/uploads\/2024\/01\/mobilidade-idosos-domestico.jpeg\" \/>\r\n<meta name=\"twitter:creator\" content=\"@Salvape\" \/>\r\n<meta name=\"twitter:site\" content=\"@Salvape\" \/>\r\n<meta name=\"twitter:label1\" content=\"Escrito por\" \/>\n\t<meta name=\"twitter:data1\" content=\"Equipe Salvap\u00e9\" \/>\n\t<meta name=\"twitter:label2\" content=\"Est. tempo de leitura\" \/>\n\t<meta name=\"twitter:data2\" content=\"5 minutos\" \/>\r\n<script type=\"application\/ld+json\" class=\"yoast-schema-graph\">{\"@context\":\"https:\/\/schema.org\",\"@graph\":[{\"@type\":\"Article\",\"@id\":\"https:\/\/salvape.com.br\/blog\/mobilidade-idosos-domestico\/#article\",\"isPartOf\":{\"@id\":\"https:\/\/salvape.com.br\/blog\/mobilidade-idosos-domestico\/\"},\"author\":{\"name\":\"Equipe Salvap\u00e9\",\"@id\":\"https:\/\/salvape.com.br\/blog\/#\/schema\/person\/a9e8339f29ccb9f8be3cc354103e6a77\"},\"headline\":\"A import\u00e2ncia da mobilidade para os idosos no ambiente dom\u00e9stico\",\"datePublished\":\"2023-12-26T16:26:00+00:00\",\"dateModified\":\"2024-01-24T16:28:54+00:00\",\"mainEntityOfPage\":{\"@id\":\"https:\/\/salvape.com.br\/blog\/mobilidade-idosos-domestico\/\"},\"wordCount\":784,\"publisher\":{\"@id\":\"https:\/\/salvape.com.br\/blog\/#organization\"},\"image\":{\"@id\":\"https:\/\/salvape.com.br\/blog\/mobilidade-idosos-domestico\/#primaryimage\"},\"thumbnailUrl\":\"https:\/\/salvape.com.br\/blog\/wp-content\/uploads\/2024\/01\/mobilidade-idosos-domestico.jpeg\",\"keywords\":[\"acidentes\",\"ambiente dom\u00e9stico\",\"mobilidade\"],\"articleSection\":[\"Sa\u00fade\"],\"inLanguage\":\"pt-BR\"},{\"@type\":\"WebPage\",\"@id\":\"https:\/\/salvape.com.br\/blog\/mobilidade-idosos-domestico\/\",\"url\":\"https:\/\/salvape.com.br\/blog\/mobilidade-idosos-domestico\/\",\"name\":\"A import\u00e2ncia da mobilidade para os idosos no ambiente dom\u00e9stico - SalvaP\u00e9 -\",\"isPartOf\":{\"@id\":\"https:\/\/salvape.com.br\/blog\/#website\"},\"primaryImageOfPage\":{\"@id\":\"https:\/\/salvape.com.br\/blog\/mobilidade-idosos-domestico\/#primaryimage\"},\"image\":{\"@id\":\"https:\/\/salvape.com.br\/blog\/mobilidade-idosos-domestico\/#primaryimage\"},\"thumbnailUrl\":\"https:\/\/salvape.com.br\/blog\/wp-content\/uploads\/2024\/01\/mobilidade-idosos-domestico.jpeg\",\"datePublished\":\"2023-12-26T16:26:00+00:00\",\"dateModified\":\"2024-01-24T16:28:54+00:00\",\"description\":\"A mobilidade segura e funcional para os idosos no ambiente dom\u00e9stico \u00e9 primordial para a qualidade de vida e preven\u00e7\u00e3o de acidentes. Saiba mais aqui!\",\"breadcrumb\":{\"@id\":\"https:\/\/salvape.com.br\/blog\/mobilidade-idosos-domestico\/#breadcrumb\"},\"inLanguage\":\"pt-BR\",\"potentialAction\":[{\"@type\":\"ReadAction\",\"target\":[\"https:\/\/salvape.com.br\/blog\/mobilidade-idosos-domestico\/\"]}]},{\"@type\":\"ImageObject\",\"inLanguage\":\"pt-BR\",\"@id\":\"https:\/\/salvape.com.br\/blog\/mobilidade-idosos-domestico\/#primaryimage\",\"url\":\"https:\/\/salvape.com.br\/blog\/wp-content\/uploads\/2024\/01\/mobilidade-idosos-domestico.jpeg\",\"contentUrl\":\"https:\/\/salvape.com.br\/blog\/wp-content\/uploads\/2024\/01\/mobilidade-idosos-domestico.jpeg\",\"width\":1199,\"height\":658},{\"@type\":\"BreadcrumbList\",\"@id\":\"https:\/\/salvape.com.br\/blog\/mobilidade-idosos-domestico\/#breadcrumb\",\"itemListElement\":[{\"@type\":\"ListItem\",\"position\":1,\"name\":\"In\u00edcio\",\"item\":\"https:\/\/salvape.com.br\/blog\/\"},{\"@type\":\"ListItem\",\"position\":2,\"name\":\"A import\u00e2ncia da mobilidade para os idosos no ambiente dom\u00e9stico\"}]},{\"@type\":\"WebSite\",\"@id\":\"https:\/\/salvape.com.br\/blog\/#website\",\"url\":\"https:\/\/salvape.com.br\/blog\/\",\"name\":\"SalvaP\u00e9 -\",\"description\":\"Produtos Ortop\u00e9dicos da Cabe\u00e7a aos P\u00e9s\",\"publisher\":{\"@id\":\"https:\/\/salvape.com.br\/blog\/#organization\"},\"potentialAction\":[{\"@type\":\"SearchAction\",\"target\":{\"@type\":\"EntryPoint\",\"urlTemplate\":\"https:\/\/salvape.com.br\/blog\/?s={search_term_string}\"},\"query-input\":{\"@type\":\"PropertyValueSpecification\",\"valueRequired\":true,\"valueName\":\"search_term_string\"}}],\"inLanguage\":\"pt-BR\"},{\"@type\":\"Organization\",\"@id\":\"https:\/\/salvape.com.br\/blog\/#organization\",\"name\":\"Salvape Produtos Ortop\u00e9dicos\",\"url\":\"https:\/\/salvape.com.br\/blog\/\",\"logo\":{\"@type\":\"ImageObject\",\"inLanguage\":\"pt-BR\",\"@id\":\"https:\/\/salvape.com.br\/blog\/#\/schema\/logo\/image\/\",\"url\":\"https:\/\/salvape.com.br\/blog\/wp-content\/uploads\/2018\/06\/logo-rodape.png\",\"contentUrl\":\"https:\/\/salvape.com.br\/blog\/wp-content\/uploads\/2018\/06\/logo-rodape.png\",\"width\":214,\"height\":60,\"caption\":\"Salvape Produtos Ortop\u00e9dicos\"},\"image\":{\"@id\":\"https:\/\/salvape.com.br\/blog\/#\/schema\/logo\/image\/\"},\"sameAs\":[\"https:\/\/www.facebook.com\/salvape.ortopedicos\",\"https:\/\/x.com\/Salvape\",\"https:\/\/www.instagram.com\/salvape.oficial\/\",\"https:\/\/www.youtube.com\/user\/salvapeortopedia\"]},{\"@type\":\"Person\",\"@id\":\"https:\/\/salvape.com.br\/blog\/#\/schema\/person\/a9e8339f29ccb9f8be3cc354103e6a77\",\"name\":\"Equipe Salvap\u00e9\",\"image\":{\"@type\":\"ImageObject\",\"inLanguage\":\"pt-BR\",\"@id\":\"https:\/\/salvape.com.br\/blog\/#\/schema\/person\/image\/\",\"url\":\"https:\/\/secure.gravatar.com\/avatar\/34306bfdcd93bf1e791ea4ccb1acd3edae950b99ef8377ea5c193fd3446bc2c3?s=96&d=mm&r=g\",\"contentUrl\":\"https:\/\/secure.gravatar.com\/avatar\/34306bfdcd93bf1e791ea4ccb1acd3edae950b99ef8377ea5c193fd3446bc2c3?s=96&d=mm&r=g\",\"caption\":\"Equipe Salvap\u00e9\"},\"description\":\"Fundada em 1938, a SalvaP\u00e9 foi pioneira no mercado de produtos ortop\u00e9dicos no Brasil. S\u00e3o mais de 80 anos trabalhando em parceria com os melhores profissionais da sa\u00fade do pa\u00eds para oferecer produtos com foco em inova\u00e7\u00e3o e qualidade. SalvaP\u00e9, desde 1938, Produtos Ortop\u00e9dicos da Cabe\u00e7a aos P\u00e9s.\",\"sameAs\":[\"http:\/\/www.salvape.com.br\"]}]}<\/script>\r\n<!-- \/ Yoast SEO plugin. -->","yoast_head_json":{"title":"A import\u00e2ncia da mobilidade para os idosos no ambiente dom\u00e9stico - SalvaP\u00e9 -","description":"A mobilidade segura e funcional para os idosos no ambiente dom\u00e9stico \u00e9 primordial para a qualidade de vida e preven\u00e7\u00e3o de acidentes. Saiba mais aqui!","robots":{"index":"index","follow":"follow","max-snippet":"max-snippet:-1","max-image-preview":"max-image-preview:large","max-video-preview":"max-video-preview:-1"},"canonical":"https:\/\/salvape.com.br\/blog\/mobilidade-idosos-domestico\/","og_locale":"pt_BR","og_type":"article","og_title":"A import\u00e2ncia da mobilidade para os idosos no ambiente dom\u00e9stico","og_description":"A mobilidade segura e funcional para os idosos no ambiente dom\u00e9stico \u00e9 primordial para a qualidade de vida e preven\u00e7\u00e3o de acidentes. Saiba mais aqui!","og_url":"https:\/\/salvape.com.br\/blog\/mobilidade-idosos-domestico\/","og_site_name":"SalvaP\u00e9 -","article_publisher":"https:\/\/www.facebook.com\/salvape.ortopedicos","article_published_time":"2023-12-26T16:26:00+00:00","article_modified_time":"2024-01-24T16:28:54+00:00","og_image":[{"width":1199,"height":658,"url":"https:\/\/salvape.com.br\/blog\/wp-content\/uploads\/2024\/01\/mobilidade-idosos-domestico.jpeg","type":"image\/jpeg"}],"author":"Equipe Salvap\u00e9","twitter_card":"summary_large_image","twitter_title":"A import\u00e2ncia da mobilidade para os idosos no ambiente dom\u00e9stico","twitter_description":"A mobilidade segura e funcional para os idosos no ambiente dom\u00e9stico \u00e9 primordial para a qualidade de vida e preven\u00e7\u00e3o de acidentes. Saiba mais aqui!","twitter_image":"https:\/\/salvape.com.br\/blog\/wp-content\/uploads\/2024\/01\/mobilidade-idosos-domestico.jpeg","twitter_creator":"@Salvape","twitter_site":"@Salvape","twitter_misc":{"Escrito por":"Equipe Salvap\u00e9","Est. tempo de leitura":"5 minutos"},"schema":{"@context":"https:\/\/schema.org","@graph":[{"@type":"Article","@id":"https:\/\/salvape.com.br\/blog\/mobilidade-idosos-domestico\/#article","isPartOf":{"@id":"https:\/\/salvape.com.br\/blog\/mobilidade-idosos-domestico\/"},"author":{"name":"Equipe Salvap\u00e9","@id":"https:\/\/salvape.com.br\/blog\/#\/schema\/person\/a9e8339f29ccb9f8be3cc354103e6a77"},"headline":"A import\u00e2ncia da mobilidade para os idosos no ambiente dom\u00e9stico","datePublished":"2023-12-26T16:26:00+00:00","dateModified":"2024-01-24T16:28:54+00:00","mainEntityOfPage":{"@id":"https:\/\/salvape.com.br\/blog\/mobilidade-idosos-domestico\/"},"wordCount":784,"publisher":{"@id":"https:\/\/salvape.com.br\/blog\/#organization"},"image":{"@id":"https:\/\/salvape.com.br\/blog\/mobilidade-idosos-domestico\/#primaryimage"},"thumbnailUrl":"https:\/\/salvape.com.br\/blog\/wp-content\/uploads\/2024\/01\/mobilidade-idosos-domestico.jpeg","keywords":["acidentes","ambiente dom\u00e9stico","mobilidade"],"articleSection":["Sa\u00fade"],"inLanguage":"pt-BR"},{"@type":"WebPage","@id":"https:\/\/salvape.com.br\/blog\/mobilidade-idosos-domestico\/","url":"https:\/\/salvape.com.br\/blog\/mobilidade-idosos-domestico\/","name":"A import\u00e2ncia da mobilidade para os idosos no ambiente dom\u00e9stico - SalvaP\u00e9 -","isPartOf":{"@id":"https:\/\/salvape.com.br\/blog\/#website"},"primaryImageOfPage":{"@id":"https:\/\/salvape.com.br\/blog\/mobilidade-idosos-domestico\/#primaryimage"},"image":{"@id":"https:\/\/salvape.com.br\/blog\/mobilidade-idosos-domestico\/#primaryimage"},"thumbnailUrl":"https:\/\/salvape.com.br\/blog\/wp-content\/uploads\/2024\/01\/mobilidade-idosos-domestico.jpeg","datePublished":"2023-12-26T16:26:00+00:00","dateModified":"2024-01-24T16:28:54+00:00","description":"A mobilidade segura e funcional para os idosos no ambiente dom\u00e9stico \u00e9 primordial para a qualidade de vida e preven\u00e7\u00e3o de acidentes. Saiba mais aqui!","breadcrumb":{"@id":"https:\/\/salvape.com.br\/blog\/mobilidade-idosos-domestico\/#breadcrumb"},"inLanguage":"pt-BR","potentialAction":[{"@type":"ReadAction","target":["https:\/\/salvape.com.br\/blog\/mobilidade-idosos-domestico\/"]}]},{"@type":"ImageObject","inLanguage":"pt-BR","@id":"https:\/\/salvape.com.br\/blog\/mobilidade-idosos-domestico\/#primaryimage","url":"https:\/\/salvape.com.br\/blog\/wp-content\/uploads\/2024\/01\/mobilidade-idosos-domestico.jpeg","contentUrl":"https:\/\/salvape.com.br\/blog\/wp-content\/uploads\/2024\/01\/mobilidade-idosos-domestico.jpeg","width":1199,"height":658},{"@type":"BreadcrumbList","@id":"https:\/\/salvape.com.br\/blog\/mobilidade-idosos-domestico\/#breadcrumb","itemListElement":[{"@type":"ListItem","position":1,"name":"In\u00edcio","item":"https:\/\/salvape.com.br\/blog\/"},{"@type":"ListItem","position":2,"name":"A import\u00e2ncia da mobilidade para os idosos no ambiente dom\u00e9stico"}]},{"@type":"WebSite","@id":"https:\/\/salvape.com.br\/blog\/#website","url":"https:\/\/salvape.com.br\/blog\/","name":"SalvaP\u00e9 -","description":"Produtos Ortop\u00e9dicos da Cabe\u00e7a aos P\u00e9s","publisher":{"@id":"https:\/\/salvape.com.br\/blog\/#organization"},"potentialAction":[{"@type":"SearchAction","target":{"@type":"EntryPoint","urlTemplate":"https:\/\/salvape.com.br\/blog\/?s={search_term_string}"},"query-input":{"@type":"PropertyValueSpecification","valueRequired":true,"valueName":"search_term_string"}}],"inLanguage":"pt-BR"},{"@type":"Organization","@id":"https:\/\/salvape.com.br\/blog\/#organization","name":"Salvape Produtos Ortop\u00e9dicos","url":"https:\/\/salvape.com.br\/blog\/","logo":{"@type":"ImageObject","inLanguage":"pt-BR","@id":"https:\/\/salvape.com.br\/blog\/#\/schema\/logo\/image\/","url":"https:\/\/salvape.com.br\/blog\/wp-content\/uploads\/2018\/06\/logo-rodape.png","contentUrl":"https:\/\/salvape.com.br\/blog\/wp-content\/uploads\/2018\/06\/logo-rodape.png","width":214,"height":60,"caption":"Salvape Produtos Ortop\u00e9dicos"},"image":{"@id":"https:\/\/salvape.com.br\/blog\/#\/schema\/logo\/image\/"},"sameAs":["https:\/\/www.facebook.com\/salvape.ortopedicos","https:\/\/x.com\/Salvape","https:\/\/www.instagram.com\/salvape.oficial\/","https:\/\/www.youtube.com\/user\/salvapeortopedia"]},{"@type":"Person","@id":"https:\/\/salvape.com.br\/blog\/#\/schema\/person\/a9e8339f29ccb9f8be3cc354103e6a77","name":"Equipe Salvap\u00e9","image":{"@type":"ImageObject","inLanguage":"pt-BR","@id":"https:\/\/salvape.com.br\/blog\/#\/schema\/person\/image\/","url":"https:\/\/secure.gravatar.com\/avatar\/34306bfdcd93bf1e791ea4ccb1acd3edae950b99ef8377ea5c193fd3446bc2c3?s=96&d=mm&r=g","contentUrl":"https:\/\/secure.gravatar.com\/avatar\/34306bfdcd93bf1e791ea4ccb1acd3edae950b99ef8377ea5c193fd3446bc2c3?s=96&d=mm&r=g","caption":"Equipe Salvap\u00e9"},"description":"Fundada em 1938, a SalvaP\u00e9 foi pioneira no mercado de produtos ortop\u00e9dicos no Brasil. S\u00e3o mais de 80 anos trabalhando em parceria com os melhores profissionais da sa\u00fade do pa\u00eds para oferecer produtos com foco em inova\u00e7\u00e3o e qualidade. SalvaP\u00e9, desde 1938, Produtos Ortop\u00e9dicos da Cabe\u00e7a aos P\u00e9s.","sameAs":["http:\/\/www.salvape.com.br"]}]}},"_links":{"self":[{"href":"https:\/\/salvape.com.br\/blog\/wp-json\/wp\/v2\/posts\/608","targetHints":{"allow":["GET"]}}],"collection":[{"href":"https:\/\/salvape.com.br\/blog\/wp-json\/wp\/v2\/posts"}],"about":[{"href":"https:\/\/salvape.com.br\/blog\/wp-json\/wp\/v2\/types\/post"}],"author":[{"embeddable":true,"href":"https:\/\/salvape.com.br\/blog\/wp-json\/wp\/v2\/users\/1"}],"replies":[{"embeddable":true,"href":"https:\/\/salvape.com.br\/blog\/wp-json\/wp\/v2\/comments?post=608"}],"version-history":[{"count":2,"href":"https:\/\/salvape.com.br\/blog\/wp-json\/wp\/v2\/posts\/608\/revisions"}],"predecessor-version":[{"id":611,"href":"https:\/\/salvape.com.br\/blog\/wp-json\/wp\/v2\/posts\/608\/revisions\/611"}],"wp:featuredmedia":[{"embeddable":true,"href":"https:\/\/salvape.com.br\/blog\/wp-json\/wp\/v2\/media\/610"}],"wp:attachment":[{"href":"https:\/\/salvape.com.br\/blog\/wp-json\/wp\/v2\/media?parent=608"}],"wp:term":[{"taxonomy":"category","embeddable":true,"href":"https:\/\/salvape.com.br\/blog\/wp-json\/wp\/v2\/categories?post=608"},{"taxonomy":"post_tag","embeddable":true,"href":"https:\/\/salvape.com.br\/blog\/wp-json\/wp\/v2\/tags?post=608"}],"curies":[{"name":"wp","href":"https:\/\/api.w.org\/{rel}","templated":true}]}}