{"id":706,"date":"2024-05-15T10:00:19","date_gmt":"2024-05-15T13:00:19","guid":{"rendered":"https:\/\/salvape.com.br\/blog\/?p=706"},"modified":"2024-05-15T10:00:21","modified_gmt":"2024-05-15T13:00:21","slug":"falta-vitamina-d-ossos","status":"publish","type":"post","link":"https:\/\/salvape.com.br\/blog\/falta-vitamina-d-ossos\/","title":{"rendered":"Como a falta de vitamina D prejudica os ossos?"},"content":{"rendered":"\n<p>Ter ossos fortes e saud\u00e1veis \u00e9 um aspecto de enorme import\u00e2ncia durante toda a nossa vida, j\u00e1 que garante sustenta\u00e7\u00e3o, movimento e prote\u00e7\u00e3o dos \u00f3rg\u00e3os vitais do corpo, entre outros fatores diretamente ligados \u00e0 qualidade de vida e tamb\u00e9m ao envelhecimento saud\u00e1vel.<\/p>\n\n\n\n<p><a href=\"https:\/\/salvape.com.br\/blog\/cuidando-da-saude-dos-ossos-como-prevenir-a-osteoporose\/\">+ Cuidando da sa\u00fade dos ossos: como prevenir a osteoporose?<\/a><\/p>\n\n\n\n<p>Entre diversos elementos fundamentais para a sa\u00fade \u00f3ssea, temos a <strong>vitamina D<\/strong>, que exerce uma enorme import\u00e2ncia na preven\u00e7\u00e3o de problemas ligados aos ossos, como osteoporose, raquitismo e osteomal\u00e1cia, entre outras condi\u00e7\u00f5es.<\/p>\n\n\n\n<h2 class=\"wp-block-heading\"><strong>A import\u00e2ncia da vitamina D para a sa\u00fade \u00f3ssea<\/strong><\/h2>\n\n\n\n<p>Veja a seguir de que forma os n\u00edveis de vitamina D no organismo influenciam na sa\u00fade dos ossos:<\/p>\n\n\n\n<h3 class=\"wp-block-heading\"><strong>Aumenta a absor\u00e7\u00e3o de c\u00e1lcio e f\u00f3sforo<\/strong><\/h3>\n\n\n\n<p>A vitamina D se liga a uma prote\u00edna no intestino chamada calbindina, que atua como um transportador de prote\u00edna de liga\u00e7\u00e3o ao c\u00e1lcio, facilitando a absor\u00e7\u00e3o de c\u00e1lcio e f\u00f3sforo dos alimentos.<\/p>\n\n\n\n<p>Sem a vitamina D suficiente, apenas 10-20% do c\u00e1lcio e f\u00f3sforo dos alimentos s\u00e3o absorvidos pelo organismo.<\/p>\n\n\n\n<h3 class=\"wp-block-heading\"><strong>Promove a mineraliza\u00e7\u00e3o \u00f3ssea<\/strong><\/h3>\n\n\n\n<p>Outra fun\u00e7\u00e3o importante da vitamina D no organismo \u00e9 a convers\u00e3o de osteoblastos (c\u00e9lulas que constroem ossos) em oste\u00f3citos (c\u00e9lulas maduras dos ossos). Os oste\u00f3citos depositam minerais nos ossos, tornando-os mais fortes e densos.<\/p>\n\n\n\n<p><a href=\"https:\/\/salvape.com.br\/blog\/conheca-os-tratamentos-para-osteoporose-na-coluna\/\">+ Conhe\u00e7a os tratamentos para osteoporose na coluna<\/a><\/p>\n\n\n\n<h2 class=\"wp-block-heading\"><strong>Consequ\u00eancias da falta de vitamina D para os ossos<\/strong><\/h2>\n\n\n\n<h3 class=\"wp-block-heading\"><strong>Raquitismo em crian\u00e7as<\/strong><\/h3>\n\n\n\n<p>O raquitismo \u00e9 uma doen\u00e7a que causa amolecimento e fraqueza dos ossos em crian\u00e7as. Os sintomas do raquitismo incluem deformidades \u00f3sseas, dor \u00f3ssea, fraqueza muscular e crescimento lento.<\/p>\n\n\n\n<h3 class=\"wp-block-heading\"><strong>Osteomalacia em adultos<\/strong><\/h3>\n\n\n\n<p>Doen\u00e7a que causa amolecimento e fraqueza dos ossos em adultos, a osteomal\u00e1cia tem sintomas que incluem dor \u00f3ssea, fraqueza muscular e dificuldade para andar.<\/p>\n\n\n\n<h3 class=\"wp-block-heading\"><strong>Osteoporose<\/strong><\/h3>\n\n\n\n<p>A osteoporose \u00e9 uma condi\u00e7\u00e3o em que os ossos se tornam fr\u00e1geis e propensos a fraturas. A falta de vitamina D no organismo contribui para a perda de densidade \u00f3ssea, aumentando consideravelmente o risco de osteoporose.<\/p>\n\n\n\n<p><a href=\"https:\/\/salvape.com.br\/blog\/tendinite-como-prevenir\/\">+ Saiba o que \u00e9 tendinite e como se prevenir<\/a><\/p>\n\n\n\n<h2 class=\"wp-block-heading\"><strong>Quais os fatores de risco para a falta de vitamina D?<\/strong><\/h2>\n\n\n\n<p>Existem certos fatores que podem dificultar a obten\u00e7\u00e3o dos n\u00edveis adequados de vitamina D no organismo. Entre eles, est\u00e1 a <strong>baixa exposi\u00e7\u00e3o ao sol<\/strong>, j\u00e1 que a principal fonte de vitamina D \u00e9 a luz solar.<\/p>\n\n\n\n<p>Neste caso, pessoas que vivem em climas com pouca luz solar ou que passam pouco tempo ao ar livre t\u00eam maior risco de defici\u00eancia de vitamina D.<\/p>\n\n\n\n<p>Indiv\u00edduos com <strong>pele escura<\/strong> tamb\u00e9m est\u00e3o inclu\u00eddos nos fatores de risco para a defici\u00eancia de vitamina D. Isso ocorre devido \u00e0 melanina na pele escura, que bloqueia a produ\u00e7\u00e3o de vitamina D pela luz solar.<\/p>\n\n\n\n<p>Assim, pessoas com pele escura precisam de mais exposi\u00e7\u00e3o ao sol para obter vitamina D suficiente.<\/p>\n\n\n\n<p>A <strong>idade<\/strong> tamb\u00e9m se torna um fator de risco, j\u00e1 que a capacidade do corpo de produzir vitamina D diminui com o passar dos anos.<\/p>\n\n\n\n<p><a href=\"https:\/\/salvape.com.br\/blog\/entenda-o-que-e-a-osteoporose-e-quais-os-riscos-dela-para-coluna\/\">+ Entenda o que \u00e9 a osteoporose e quais os riscos dela para a coluna<\/a><\/p>\n\n\n\n<h2 class=\"wp-block-heading\"><strong>Como aumentar os n\u00edveis de vitamina D no organismo?<\/strong><\/h2>\n\n\n\n<h3 class=\"wp-block-heading\"><strong>Exposi\u00e7\u00e3o ao sol<\/strong><\/h3>\n\n\n\n<p>A melhor maneira de obter vitamina D \u00e9 atrav\u00e9s da exposi\u00e7\u00e3o ao sol. Em geral, 10 a 15 minutos de exposi\u00e7\u00e3o ao sol por dia s\u00e3o suficientes para a maioria das pessoas, mas fatores como idade, cor da pele e clima podem influenciar neste aspecto.<\/p>\n\n\n\n<h3 class=\"wp-block-heading\"><strong>Alimenta\u00e7\u00e3o<\/strong><\/h3>\n\n\n\n<p>Alguns alimentos s\u00e3o ricos em vitamina D, como peixes gordurosos (salm\u00e3o, atum, sardinha), gema de ovo e cogumelos fortificados.&nbsp;<\/p>\n\n\n\n<p>No entanto, em casos onde o indiv\u00edduo apresenta d\u00e9ficit de vitamina D, a dieta dificilmente ser\u00e1 suficiente para restabelecer os n\u00edveis desejados.<\/p>\n\n\n\n<h3 class=\"wp-block-heading\"><strong>Suplementa\u00e7\u00e3o<\/strong><\/h3>\n\n\n\n<p>Em muitos casos, a suplementa\u00e7\u00e3o de vitamina D pode ser necess\u00e1ria para pessoas que n\u00e3o obt\u00eam vitamina D suficiente do sol ou da dieta. Por\u00e9m, \u00e9 necess\u00e1rio conversar com o m\u00e9dico para receber orienta\u00e7\u00f5es sobre a maneira correta de suplementar a vitamina D.<\/p>\n\n\n\n<h2 class=\"wp-block-heading\"><strong>SalvaP\u00e9, l\u00edder em produtos ortop\u00e9dicos<\/strong><\/h2>\n\n\n\n<p>A melhor escolha em produtos ortop\u00e9dicos \u00e9 aqui! Liderando o mercado ortop\u00e9dico brasileiro, a SalvaP\u00e9 oferece centenas de produtos, entre nacionais e importados, divididos em diversas linhas devidamente registradas nos \u00f3rg\u00e3os competentes.<\/p>\n\n\n\n<p><a href=\"https:\/\/salvape.com.br\/blog\/musculacao-terceira-idade\/\">+ Benef\u00edcios da muscula\u00e7\u00e3o na terceira idade<\/a><\/p>\n\n\n\n<p>Fundada em 1938, a SalvaP\u00e9 \u00e9 fabricante, importadora e distribuidora de uma extensa linha de produtos para preven\u00e7\u00e3o, tratamento e reabilita\u00e7\u00e3o.&nbsp;<\/p>\n\n\n\n<p>Abrangendo o mercado hospitalar, cir\u00fargico e ortop\u00e9dico, atendemos atualmente milhares de ortopedistas, fisiatras, fisioterapeutas e, claro, pacientes de todo o Brasil.<\/p>\n\n\n\n<p>Descubra mais sobre a linha completa de produtos ortop\u00e9dicos da SalvaP\u00e9 e saiba onde encontrar:<a href=\"https:\/\/salvape.com.br\/\"> acesse nosso site<\/a> e veja mais!<\/p>\n\n\n\n<div class=\"wp-block-columns has-2-columns is-layout-flex wp-container-core-columns-is-layout-28f84493 wp-block-columns-is-layout-flex\"><\/div>\n","protected":false},"excerpt":{"rendered":"<p>Ter ossos fortes e saud\u00e1veis \u00e9 um aspecto de enorme import\u00e2ncia durante toda a nossa vida, j\u00e1 que garante sustenta\u00e7\u00e3o, movimento e prote\u00e7\u00e3o dos \u00f3rg\u00e3os vitais do corpo, entre outros fatores diretamente ligados \u00e0 qualidade de vida e tamb\u00e9m ao envelhecimento saud\u00e1vel. + Cuidando da sa\u00fade dos ossos: como prevenir a osteoporose? Entre diversos elementos [&hellip;]<\/p>\n","protected":false},"author":1,"featured_media":708,"comment_status":"closed","ping_status":"open","sticky":false,"template":"","format":"standard","meta":{"site-sidebar-layout":"default","site-content-layout":"","ast-site-content-layout":"","site-content-style":"default","site-sidebar-style":"default","ast-global-header-display":"","ast-banner-title-visibility":"","ast-main-header-display":"","ast-hfb-above-header-display":"","ast-hfb-below-header-display":"","ast-hfb-mobile-header-display":"","site-post-title":"","ast-breadcrumbs-content":"","ast-featured-img":"","footer-sml-layout":"","theme-transparent-header-meta":"","adv-header-id-meta":"","stick-header-meta":"","header-above-stick-meta":"","header-main-stick-meta":"","header-below-stick-meta":"","astra-migrate-meta-layouts":"default","ast-page-background-enabled":"default","ast-page-background-meta":{"desktop":{"background-color":"var(--ast-global-color-4)","background-image":"","background-repeat":"repeat","background-position":"center center","background-size":"auto","background-attachment":"scroll","background-type":"","background-media":"","overlay-type":"","overlay-color":"","overlay-opacity":"","overlay-gradient":""},"tablet":{"background-color":"","background-image":"","background-repeat":"repeat","background-position":"center center","background-size":"auto","background-attachment":"scroll","background-type":"","background-media":"","overlay-type":"","overlay-color":"","overlay-opacity":"","overlay-gradient":""},"mobile":{"background-color":"","background-image":"","background-repeat":"repeat","background-position":"center center","background-size":"auto","background-attachment":"scroll","background-type":"","background-media":"","overlay-type":"","overlay-color":"","overlay-opacity":"","overlay-gradient":""}},"ast-content-background-meta":{"desktop":{"background-color":"var(--ast-global-color-5)","background-image":"","background-repeat":"repeat","background-position":"center center","background-size":"auto","background-attachment":"scroll","background-type":"","background-media":"","overlay-type":"","overlay-color":"","overlay-opacity":"","overlay-gradient":""},"tablet":{"background-color":"var(--ast-global-color-5)","background-image":"","background-repeat":"repeat","background-position":"center center","background-size":"auto","background-attachment":"scroll","background-type":"","background-media":"","overlay-type":"","overlay-color":"","overlay-opacity":"","overlay-gradient":""},"mobile":{"background-color":"var(--ast-global-color-5)","background-image":"","background-repeat":"repeat","background-position":"center center","background-size":"auto","background-attachment":"scroll","background-type":"","background-media":"","overlay-type":"","overlay-color":"","overlay-opacity":"","overlay-gradient":""}},"footnotes":""},"categories":[6,7],"tags":[81,80,82,79],"class_list":["post-706","post","type-post","status-publish","format-standard","has-post-thumbnail","hentry","category-estilo-de-vida","category-saude","tag-falta-de-vitamina-d","tag-ossos","tag-osteoporose","tag-vitamina-d"],"yoast_head":"<!-- This site is optimized with the Yoast SEO plugin v26.3 - https:\/\/yoast.com\/wordpress\/plugins\/seo\/ -->\r\n<title>Como a falta de vitamina D prejudica os ossos? - SalvaP\u00e9 -<\/title>\r\n<meta name=\"description\" content=\"Baixos n\u00edveis de vitamina D no organismo podem contribuir para o surgimento de problemas nos ossos, como a osteoporose. Veja mais sobre o assunto em nosso blog.\" \/>\r\n<meta name=\"robots\" content=\"index, follow, max-snippet:-1, max-image-preview:large, max-video-preview:-1\" \/>\r\n<link rel=\"canonical\" href=\"https:\/\/salvape.com.br\/blog\/falta-vitamina-d-ossos\/\" \/>\r\n<meta property=\"og:locale\" content=\"pt_BR\" \/>\r\n<meta property=\"og:type\" content=\"article\" \/>\r\n<meta property=\"og:title\" content=\"Como a falta de vitamina D prejudica os ossos?\" \/>\r\n<meta property=\"og:description\" content=\"Baixos n\u00edveis de vitamina D no organismo podem contribuir para o surgimento de problemas nos ossos, como a osteoporose. Veja mais sobre o assunto em nosso blog.\" \/>\r\n<meta property=\"og:url\" content=\"https:\/\/salvape.com.br\/blog\/falta-vitamina-d-ossos\/\" \/>\r\n<meta property=\"og:site_name\" content=\"SalvaP\u00e9 -\" \/>\r\n<meta property=\"article:publisher\" content=\"https:\/\/www.facebook.com\/salvape.ortopedicos\" \/>\r\n<meta property=\"article:published_time\" content=\"2024-05-15T13:00:19+00:00\" \/>\r\n<meta property=\"article:modified_time\" content=\"2024-05-15T13:00:21+00:00\" \/>\r\n<meta property=\"og:image\" content=\"https:\/\/salvape.com.br\/blog\/wp-content\/uploads\/2024\/05\/falta-vitamina-d-ossos.jpeg\" \/>\r\n\t<meta property=\"og:image:width\" content=\"1200\" \/>\r\n\t<meta property=\"og:image:height\" content=\"800\" \/>\r\n\t<meta property=\"og:image:type\" content=\"image\/jpeg\" \/>\r\n<meta name=\"author\" content=\"Equipe Salvap\u00e9\" \/>\r\n<meta name=\"twitter:card\" content=\"summary_large_image\" \/>\r\n<meta name=\"twitter:title\" content=\"Como a falta de vitamina D prejudica os ossos?\" \/>\r\n<meta name=\"twitter:description\" content=\"Baixos n\u00edveis de vitamina D no organismo podem contribuir para o surgimento de problemas nos ossos, como a osteoporose. Veja mais sobre o assunto em nosso blog.\" \/>\r\n<meta name=\"twitter:image\" content=\"https:\/\/salvape.com.br\/blog\/wp-content\/uploads\/2024\/05\/falta-vitamina-d-ossos.jpeg\" \/>\r\n<meta name=\"twitter:creator\" content=\"@Salvape\" \/>\r\n<meta name=\"twitter:site\" content=\"@Salvape\" \/>\r\n<meta name=\"twitter:label1\" content=\"Escrito por\" \/>\n\t<meta name=\"twitter:data1\" content=\"Equipe Salvap\u00e9\" \/>\n\t<meta name=\"twitter:label2\" content=\"Est. tempo de leitura\" \/>\n\t<meta name=\"twitter:data2\" content=\"5 minutos\" \/>\r\n<script type=\"application\/ld+json\" class=\"yoast-schema-graph\">{\"@context\":\"https:\/\/schema.org\",\"@graph\":[{\"@type\":\"Article\",\"@id\":\"https:\/\/salvape.com.br\/blog\/falta-vitamina-d-ossos\/#article\",\"isPartOf\":{\"@id\":\"https:\/\/salvape.com.br\/blog\/falta-vitamina-d-ossos\/\"},\"author\":{\"name\":\"Equipe Salvap\u00e9\",\"@id\":\"https:\/\/salvape.com.br\/blog\/#\/schema\/person\/a9e8339f29ccb9f8be3cc354103e6a77\"},\"headline\":\"Como a falta de vitamina D prejudica os ossos?\",\"datePublished\":\"2024-05-15T13:00:19+00:00\",\"dateModified\":\"2024-05-15T13:00:21+00:00\",\"mainEntityOfPage\":{\"@id\":\"https:\/\/salvape.com.br\/blog\/falta-vitamina-d-ossos\/\"},\"wordCount\":824,\"publisher\":{\"@id\":\"https:\/\/salvape.com.br\/blog\/#organization\"},\"image\":{\"@id\":\"https:\/\/salvape.com.br\/blog\/falta-vitamina-d-ossos\/#primaryimage\"},\"thumbnailUrl\":\"https:\/\/salvape.com.br\/blog\/wp-content\/uploads\/2024\/05\/falta-vitamina-d-ossos.jpeg\",\"keywords\":[\"falta de vitamina d\",\"ossos\",\"osteoporose\",\"vitamina D\"],\"articleSection\":[\"Estilo de Vida\",\"Sa\u00fade\"],\"inLanguage\":\"pt-BR\"},{\"@type\":\"WebPage\",\"@id\":\"https:\/\/salvape.com.br\/blog\/falta-vitamina-d-ossos\/\",\"url\":\"https:\/\/salvape.com.br\/blog\/falta-vitamina-d-ossos\/\",\"name\":\"Como a falta de vitamina D prejudica os ossos? - SalvaP\u00e9 -\",\"isPartOf\":{\"@id\":\"https:\/\/salvape.com.br\/blog\/#website\"},\"primaryImageOfPage\":{\"@id\":\"https:\/\/salvape.com.br\/blog\/falta-vitamina-d-ossos\/#primaryimage\"},\"image\":{\"@id\":\"https:\/\/salvape.com.br\/blog\/falta-vitamina-d-ossos\/#primaryimage\"},\"thumbnailUrl\":\"https:\/\/salvape.com.br\/blog\/wp-content\/uploads\/2024\/05\/falta-vitamina-d-ossos.jpeg\",\"datePublished\":\"2024-05-15T13:00:19+00:00\",\"dateModified\":\"2024-05-15T13:00:21+00:00\",\"description\":\"Baixos n\u00edveis de vitamina D no organismo podem contribuir para o surgimento de problemas nos ossos, como a osteoporose. Veja mais sobre o assunto em nosso blog.\",\"breadcrumb\":{\"@id\":\"https:\/\/salvape.com.br\/blog\/falta-vitamina-d-ossos\/#breadcrumb\"},\"inLanguage\":\"pt-BR\",\"potentialAction\":[{\"@type\":\"ReadAction\",\"target\":[\"https:\/\/salvape.com.br\/blog\/falta-vitamina-d-ossos\/\"]}]},{\"@type\":\"ImageObject\",\"inLanguage\":\"pt-BR\",\"@id\":\"https:\/\/salvape.com.br\/blog\/falta-vitamina-d-ossos\/#primaryimage\",\"url\":\"https:\/\/salvape.com.br\/blog\/wp-content\/uploads\/2024\/05\/falta-vitamina-d-ossos.jpeg\",\"contentUrl\":\"https:\/\/salvape.com.br\/blog\/wp-content\/uploads\/2024\/05\/falta-vitamina-d-ossos.jpeg\",\"width\":1200,\"height\":800,\"caption\":\"falta-vitamina-d-ossos\"},{\"@type\":\"BreadcrumbList\",\"@id\":\"https:\/\/salvape.com.br\/blog\/falta-vitamina-d-ossos\/#breadcrumb\",\"itemListElement\":[{\"@type\":\"ListItem\",\"position\":1,\"name\":\"In\u00edcio\",\"item\":\"https:\/\/salvape.com.br\/blog\/\"},{\"@type\":\"ListItem\",\"position\":2,\"name\":\"Como a falta de vitamina D prejudica os ossos?\"}]},{\"@type\":\"WebSite\",\"@id\":\"https:\/\/salvape.com.br\/blog\/#website\",\"url\":\"https:\/\/salvape.com.br\/blog\/\",\"name\":\"SalvaP\u00e9 -\",\"description\":\"Produtos Ortop\u00e9dicos da Cabe\u00e7a aos P\u00e9s\",\"publisher\":{\"@id\":\"https:\/\/salvape.com.br\/blog\/#organization\"},\"potentialAction\":[{\"@type\":\"SearchAction\",\"target\":{\"@type\":\"EntryPoint\",\"urlTemplate\":\"https:\/\/salvape.com.br\/blog\/?s={search_term_string}\"},\"query-input\":{\"@type\":\"PropertyValueSpecification\",\"valueRequired\":true,\"valueName\":\"search_term_string\"}}],\"inLanguage\":\"pt-BR\"},{\"@type\":\"Organization\",\"@id\":\"https:\/\/salvape.com.br\/blog\/#organization\",\"name\":\"Salvape Produtos Ortop\u00e9dicos\",\"url\":\"https:\/\/salvape.com.br\/blog\/\",\"logo\":{\"@type\":\"ImageObject\",\"inLanguage\":\"pt-BR\",\"@id\":\"https:\/\/salvape.com.br\/blog\/#\/schema\/logo\/image\/\",\"url\":\"https:\/\/salvape.com.br\/blog\/wp-content\/uploads\/2018\/06\/logo-rodape.png\",\"contentUrl\":\"https:\/\/salvape.com.br\/blog\/wp-content\/uploads\/2018\/06\/logo-rodape.png\",\"width\":214,\"height\":60,\"caption\":\"Salvape Produtos Ortop\u00e9dicos\"},\"image\":{\"@id\":\"https:\/\/salvape.com.br\/blog\/#\/schema\/logo\/image\/\"},\"sameAs\":[\"https:\/\/www.facebook.com\/salvape.ortopedicos\",\"https:\/\/x.com\/Salvape\",\"https:\/\/www.instagram.com\/salvape.oficial\/\",\"https:\/\/www.youtube.com\/user\/salvapeortopedia\"]},{\"@type\":\"Person\",\"@id\":\"https:\/\/salvape.com.br\/blog\/#\/schema\/person\/a9e8339f29ccb9f8be3cc354103e6a77\",\"name\":\"Equipe Salvap\u00e9\",\"image\":{\"@type\":\"ImageObject\",\"inLanguage\":\"pt-BR\",\"@id\":\"https:\/\/salvape.com.br\/blog\/#\/schema\/person\/image\/\",\"url\":\"https:\/\/secure.gravatar.com\/avatar\/34306bfdcd93bf1e791ea4ccb1acd3edae950b99ef8377ea5c193fd3446bc2c3?s=96&d=mm&r=g\",\"contentUrl\":\"https:\/\/secure.gravatar.com\/avatar\/34306bfdcd93bf1e791ea4ccb1acd3edae950b99ef8377ea5c193fd3446bc2c3?s=96&d=mm&r=g\",\"caption\":\"Equipe Salvap\u00e9\"},\"description\":\"Fundada em 1938, a SalvaP\u00e9 foi pioneira no mercado de produtos ortop\u00e9dicos no Brasil. S\u00e3o mais de 80 anos trabalhando em parceria com os melhores profissionais da sa\u00fade do pa\u00eds para oferecer produtos com foco em inova\u00e7\u00e3o e qualidade. SalvaP\u00e9, desde 1938, Produtos Ortop\u00e9dicos da Cabe\u00e7a aos P\u00e9s.\",\"sameAs\":[\"http:\/\/www.salvape.com.br\"]}]}<\/script>\r\n<!-- \/ Yoast SEO plugin. -->","yoast_head_json":{"title":"Como a falta de vitamina D prejudica os ossos? - SalvaP\u00e9 -","description":"Baixos n\u00edveis de vitamina D no organismo podem contribuir para o surgimento de problemas nos ossos, como a osteoporose. Veja mais sobre o assunto em nosso blog.","robots":{"index":"index","follow":"follow","max-snippet":"max-snippet:-1","max-image-preview":"max-image-preview:large","max-video-preview":"max-video-preview:-1"},"canonical":"https:\/\/salvape.com.br\/blog\/falta-vitamina-d-ossos\/","og_locale":"pt_BR","og_type":"article","og_title":"Como a falta de vitamina D prejudica os ossos?","og_description":"Baixos n\u00edveis de vitamina D no organismo podem contribuir para o surgimento de problemas nos ossos, como a osteoporose. Veja mais sobre o assunto em nosso blog.","og_url":"https:\/\/salvape.com.br\/blog\/falta-vitamina-d-ossos\/","og_site_name":"SalvaP\u00e9 -","article_publisher":"https:\/\/www.facebook.com\/salvape.ortopedicos","article_published_time":"2024-05-15T13:00:19+00:00","article_modified_time":"2024-05-15T13:00:21+00:00","og_image":[{"width":1200,"height":800,"url":"https:\/\/salvape.com.br\/blog\/wp-content\/uploads\/2024\/05\/falta-vitamina-d-ossos.jpeg","type":"image\/jpeg"}],"author":"Equipe Salvap\u00e9","twitter_card":"summary_large_image","twitter_title":"Como a falta de vitamina D prejudica os ossos?","twitter_description":"Baixos n\u00edveis de vitamina D no organismo podem contribuir para o surgimento de problemas nos ossos, como a osteoporose. Veja mais sobre o assunto em nosso blog.","twitter_image":"https:\/\/salvape.com.br\/blog\/wp-content\/uploads\/2024\/05\/falta-vitamina-d-ossos.jpeg","twitter_creator":"@Salvape","twitter_site":"@Salvape","twitter_misc":{"Escrito por":"Equipe Salvap\u00e9","Est. tempo de leitura":"5 minutos"},"schema":{"@context":"https:\/\/schema.org","@graph":[{"@type":"Article","@id":"https:\/\/salvape.com.br\/blog\/falta-vitamina-d-ossos\/#article","isPartOf":{"@id":"https:\/\/salvape.com.br\/blog\/falta-vitamina-d-ossos\/"},"author":{"name":"Equipe Salvap\u00e9","@id":"https:\/\/salvape.com.br\/blog\/#\/schema\/person\/a9e8339f29ccb9f8be3cc354103e6a77"},"headline":"Como a falta de vitamina D prejudica os ossos?","datePublished":"2024-05-15T13:00:19+00:00","dateModified":"2024-05-15T13:00:21+00:00","mainEntityOfPage":{"@id":"https:\/\/salvape.com.br\/blog\/falta-vitamina-d-ossos\/"},"wordCount":824,"publisher":{"@id":"https:\/\/salvape.com.br\/blog\/#organization"},"image":{"@id":"https:\/\/salvape.com.br\/blog\/falta-vitamina-d-ossos\/#primaryimage"},"thumbnailUrl":"https:\/\/salvape.com.br\/blog\/wp-content\/uploads\/2024\/05\/falta-vitamina-d-ossos.jpeg","keywords":["falta de vitamina d","ossos","osteoporose","vitamina D"],"articleSection":["Estilo de Vida","Sa\u00fade"],"inLanguage":"pt-BR"},{"@type":"WebPage","@id":"https:\/\/salvape.com.br\/blog\/falta-vitamina-d-ossos\/","url":"https:\/\/salvape.com.br\/blog\/falta-vitamina-d-ossos\/","name":"Como a falta de vitamina D prejudica os ossos? - SalvaP\u00e9 -","isPartOf":{"@id":"https:\/\/salvape.com.br\/blog\/#website"},"primaryImageOfPage":{"@id":"https:\/\/salvape.com.br\/blog\/falta-vitamina-d-ossos\/#primaryimage"},"image":{"@id":"https:\/\/salvape.com.br\/blog\/falta-vitamina-d-ossos\/#primaryimage"},"thumbnailUrl":"https:\/\/salvape.com.br\/blog\/wp-content\/uploads\/2024\/05\/falta-vitamina-d-ossos.jpeg","datePublished":"2024-05-15T13:00:19+00:00","dateModified":"2024-05-15T13:00:21+00:00","description":"Baixos n\u00edveis de vitamina D no organismo podem contribuir para o surgimento de problemas nos ossos, como a osteoporose. Veja mais sobre o assunto em nosso blog.","breadcrumb":{"@id":"https:\/\/salvape.com.br\/blog\/falta-vitamina-d-ossos\/#breadcrumb"},"inLanguage":"pt-BR","potentialAction":[{"@type":"ReadAction","target":["https:\/\/salvape.com.br\/blog\/falta-vitamina-d-ossos\/"]}]},{"@type":"ImageObject","inLanguage":"pt-BR","@id":"https:\/\/salvape.com.br\/blog\/falta-vitamina-d-ossos\/#primaryimage","url":"https:\/\/salvape.com.br\/blog\/wp-content\/uploads\/2024\/05\/falta-vitamina-d-ossos.jpeg","contentUrl":"https:\/\/salvape.com.br\/blog\/wp-content\/uploads\/2024\/05\/falta-vitamina-d-ossos.jpeg","width":1200,"height":800,"caption":"falta-vitamina-d-ossos"},{"@type":"BreadcrumbList","@id":"https:\/\/salvape.com.br\/blog\/falta-vitamina-d-ossos\/#breadcrumb","itemListElement":[{"@type":"ListItem","position":1,"name":"In\u00edcio","item":"https:\/\/salvape.com.br\/blog\/"},{"@type":"ListItem","position":2,"name":"Como a falta de vitamina D prejudica os ossos?"}]},{"@type":"WebSite","@id":"https:\/\/salvape.com.br\/blog\/#website","url":"https:\/\/salvape.com.br\/blog\/","name":"SalvaP\u00e9 -","description":"Produtos Ortop\u00e9dicos da Cabe\u00e7a aos P\u00e9s","publisher":{"@id":"https:\/\/salvape.com.br\/blog\/#organization"},"potentialAction":[{"@type":"SearchAction","target":{"@type":"EntryPoint","urlTemplate":"https:\/\/salvape.com.br\/blog\/?s={search_term_string}"},"query-input":{"@type":"PropertyValueSpecification","valueRequired":true,"valueName":"search_term_string"}}],"inLanguage":"pt-BR"},{"@type":"Organization","@id":"https:\/\/salvape.com.br\/blog\/#organization","name":"Salvape Produtos Ortop\u00e9dicos","url":"https:\/\/salvape.com.br\/blog\/","logo":{"@type":"ImageObject","inLanguage":"pt-BR","@id":"https:\/\/salvape.com.br\/blog\/#\/schema\/logo\/image\/","url":"https:\/\/salvape.com.br\/blog\/wp-content\/uploads\/2018\/06\/logo-rodape.png","contentUrl":"https:\/\/salvape.com.br\/blog\/wp-content\/uploads\/2018\/06\/logo-rodape.png","width":214,"height":60,"caption":"Salvape Produtos Ortop\u00e9dicos"},"image":{"@id":"https:\/\/salvape.com.br\/blog\/#\/schema\/logo\/image\/"},"sameAs":["https:\/\/www.facebook.com\/salvape.ortopedicos","https:\/\/x.com\/Salvape","https:\/\/www.instagram.com\/salvape.oficial\/","https:\/\/www.youtube.com\/user\/salvapeortopedia"]},{"@type":"Person","@id":"https:\/\/salvape.com.br\/blog\/#\/schema\/person\/a9e8339f29ccb9f8be3cc354103e6a77","name":"Equipe Salvap\u00e9","image":{"@type":"ImageObject","inLanguage":"pt-BR","@id":"https:\/\/salvape.com.br\/blog\/#\/schema\/person\/image\/","url":"https:\/\/secure.gravatar.com\/avatar\/34306bfdcd93bf1e791ea4ccb1acd3edae950b99ef8377ea5c193fd3446bc2c3?s=96&d=mm&r=g","contentUrl":"https:\/\/secure.gravatar.com\/avatar\/34306bfdcd93bf1e791ea4ccb1acd3edae950b99ef8377ea5c193fd3446bc2c3?s=96&d=mm&r=g","caption":"Equipe Salvap\u00e9"},"description":"Fundada em 1938, a SalvaP\u00e9 foi pioneira no mercado de produtos ortop\u00e9dicos no Brasil. S\u00e3o mais de 80 anos trabalhando em parceria com os melhores profissionais da sa\u00fade do pa\u00eds para oferecer produtos com foco em inova\u00e7\u00e3o e qualidade. SalvaP\u00e9, desde 1938, Produtos Ortop\u00e9dicos da Cabe\u00e7a aos P\u00e9s.","sameAs":["http:\/\/www.salvape.com.br"]}]}},"_links":{"self":[{"href":"https:\/\/salvape.com.br\/blog\/wp-json\/wp\/v2\/posts\/706","targetHints":{"allow":["GET"]}}],"collection":[{"href":"https:\/\/salvape.com.br\/blog\/wp-json\/wp\/v2\/posts"}],"about":[{"href":"https:\/\/salvape.com.br\/blog\/wp-json\/wp\/v2\/types\/post"}],"author":[{"embeddable":true,"href":"https:\/\/salvape.com.br\/blog\/wp-json\/wp\/v2\/users\/1"}],"replies":[{"embeddable":true,"href":"https:\/\/salvape.com.br\/blog\/wp-json\/wp\/v2\/comments?post=706"}],"version-history":[{"count":2,"href":"https:\/\/salvape.com.br\/blog\/wp-json\/wp\/v2\/posts\/706\/revisions"}],"predecessor-version":[{"id":709,"href":"https:\/\/salvape.com.br\/blog\/wp-json\/wp\/v2\/posts\/706\/revisions\/709"}],"wp:featuredmedia":[{"embeddable":true,"href":"https:\/\/salvape.com.br\/blog\/wp-json\/wp\/v2\/media\/708"}],"wp:attachment":[{"href":"https:\/\/salvape.com.br\/blog\/wp-json\/wp\/v2\/media?parent=706"}],"wp:term":[{"taxonomy":"category","embeddable":true,"href":"https:\/\/salvape.com.br\/blog\/wp-json\/wp\/v2\/categories?post=706"},{"taxonomy":"post_tag","embeddable":true,"href":"https:\/\/salvape.com.br\/blog\/wp-json\/wp\/v2\/tags?post=706"}],"curies":[{"name":"wp","href":"https:\/\/api.w.org\/{rel}","templated":true}]}}