{"id":950,"date":"2025-06-17T09:21:56","date_gmt":"2025-06-17T12:21:56","guid":{"rendered":"https:\/\/salvape.com.br\/blog\/?p=950"},"modified":"2025-06-17T09:21:57","modified_gmt":"2025-06-17T12:21:57","slug":"almofada-de-abducao","status":"publish","type":"post","link":"https:\/\/salvape.com.br\/blog\/almofada-de-abducao\/","title":{"rendered":"A import\u00e2ncia da almofada de abdu\u00e7\u00e3o na cirurgia de quadril"},"content":{"rendered":"\n<p><em>* Por Dr. Bruno Vargas, m\u00e9dico ortopedista especialista em cirurgia de quadril<\/em><\/p>\n\n\n\n<p>A cirurgia de quadril, especialmente a artroplastia total, \u00e9 um procedimento amplamente realizado no tratamento de patologias como artrose, fraturas do colo do f\u00eamur, necrose avascular da cabe\u00e7a femoral, entre outras.<\/p>\n\n\n\n<p>Entre 2012 e 2021, foram realizadas 413 mil artroplastias de quadril no Brasil, com um custo estimado de R$ 630 milh\u00f5es, incluindo revis\u00f5es.<\/p>\n\n\n\n<p><a href=\"https:\/\/salvape.com.br\/blog\/cintas-ortopedicas-abdominais\/\">+ Cintas ortop\u00e9dicas abdominais: quando s\u00e3o recomendadas?<\/a><\/p>\n\n\n\n<p>O sucesso desse tipo de interven\u00e7\u00e3o depende n\u00e3o apenas da t\u00e9cnica cir\u00fargica, mas tamb\u00e9m da reabilita\u00e7\u00e3o adequada e do uso correto de dispositivos auxiliares no p\u00f3s-operat\u00f3rio.<\/p>\n\n\n\n<p>Entre esses recursos, est\u00e1 a almofada de abdu\u00e7\u00e3o, um item ortop\u00e9dico imprescind\u00edvel na preven\u00e7\u00e3o de complica\u00e7\u00f5es e na promo\u00e7\u00e3o da recupera\u00e7\u00e3o funcional.<\/p>\n\n\n\n<h2 class=\"wp-block-heading\"><strong>O que \u00e9 a almofada de abdu\u00e7\u00e3o?<\/strong><\/h2>\n\n\n\n<p>A almofada de abdu\u00e7\u00e3o \u00e9 um recurso essencial no p\u00f3s-operat\u00f3rio da artroplastia de quadril. Sua fun\u00e7\u00e3o principal \u00e9 manter os membros inferiores abduzidos e afastados da linha m\u00e9dia do corpo, prevenindo luxa\u00e7\u00f5es, escaras por press\u00e3o e facilitando a higieniza\u00e7\u00e3o.&nbsp;<\/p>\n\n\n\n<p>Al\u00e9m disso, atua como um componente tutor na reabilita\u00e7\u00e3o f\u00edsica, reduzindo significativamente essas complica\u00e7\u00f5es e contribui para uma recupera\u00e7\u00e3o mais segura e eficaz.&nbsp;<\/p>\n\n\n\n<p><a href=\"https:\/\/salvape.com.br\/blog\/lombalgia-como-tratar\/\">+ O que \u00e9 lombalgia e como tratar o problema?<\/a><\/p>\n\n\n\n<h2 class=\"wp-block-heading\"><strong>Riscos p\u00f3s-operat\u00f3rios e a necessidade de estabiliza\u00e7\u00e3o<\/strong><\/h2>\n\n\n\n<p>Ap\u00f3s a artroplastia total do quadril, o paciente enfrenta um risco aumentado de luxa\u00e7\u00e3o da pr\u00f3tese, principalmente nas primeiras semanas. A luxa\u00e7\u00e3o ocorre quando h\u00e1 deslocamento da cabe\u00e7a femoral em rela\u00e7\u00e3o ao acet\u00e1bulo prot\u00e9tico.<\/p>\n\n\n\n<p>O problema pode estar relacionado a movimentos inadequados, como a adu\u00e7\u00e3o excessiva do quadril (aproxima\u00e7\u00e3o das pernas), rota\u00e7\u00e3o interna ou flex\u00e3o acima de 90 graus.<\/p>\n\n\n\n<p>A almofada de abdu\u00e7\u00e3o atua justamente como uma barreira f\u00edsica que impede a adu\u00e7\u00e3o e aproxima\u00e7\u00e3o das pernas, reduzindo a probabilidade de movimentos perigosos que poderiam comprometer a estabilidade da pr\u00f3tese e exigir uma nova interven\u00e7\u00e3o cir\u00fargica.<\/p>\n\n\n\n<p>Assim, ao limitar certos graus de liberdade, o dispositivo promove uma recupera\u00e7\u00e3o mais segura.<\/p>\n\n\n\n<p>Por isso, a almofada deve ser utilizada j\u00e1 no p\u00f3s-operat\u00f3rio imediato, inclusive na sala de cirurgia, especialmente em pacientes com confus\u00e3o ou agita\u00e7\u00e3o, que podem realizar movimentos de risco, como rota\u00e7\u00e3o interna.<\/p>\n\n\n\n<p><a href=\"https:\/\/salvape.com.br\/blog\/suspensorio-de-pavlik\/\">+ Suspens\u00f3rio de Pavlik: o que \u00e9 e para quem \u00e9 indicado?<\/a><\/p>\n\n\n\n<h2 class=\"wp-block-heading\"><strong>Limita\u00e7\u00f5es e cuidados<\/strong><\/h2>\n\n\n\n<p>Embora a almofada de abdu\u00e7\u00e3o ofere\u00e7a diversos benef\u00edcios, seu uso deve ser monitorado com aten\u00e7\u00e3o.<\/p>\n\n\n\n<p>Um posicionamento incorreto pode causar compress\u00f5es indesejadas, \u00falceras de press\u00e3o ou desconforto prolongado. Pacientes com altera\u00e7\u00f5es neurol\u00f3gicas, d\u00e9ficits sensoriais ou risco aumentado de les\u00f5es cut\u00e2neas devem ser acompanhados de forma mais rigorosa.<\/p>\n\n\n\n<p>Al\u00e9m disso, o uso cont\u00ednuo por per\u00edodos prolongados pode afetar a mobilidade e a autonomia do paciente.<\/p>\n\n\n\n<p>Portanto, \u00e0 medida que a recupera\u00e7\u00e3o avan\u00e7a e o risco de luxa\u00e7\u00e3o diminui, \u00e9 comum que a almofada seja retirada durante o dia e mantida apenas durante o sono ou repouso, de acordo com a orienta\u00e7\u00e3o m\u00e9dica e fisioterap\u00eautica.<\/p>\n\n\n\n<h2 class=\"wp-block-heading\"><strong>Aplica\u00e7\u00e3o pr\u00e1tica e orienta\u00e7\u00f5es de uso<\/strong><\/h2>\n\n\n\n<p>A almofada de abdu\u00e7\u00e3o deve ser posicionada imediatamente ap\u00f3s o t\u00e9rmino do procedimento cir\u00fargico, ainda na sala de recupera\u00e7\u00e3o, ou nas primeiras horas na unidade de interna\u00e7\u00e3o.<\/p>\n\n\n\n<p>O equipamento \u00e9 fixado entre os membros inferiores com tiras de velcro ou faixas que garantem estabilidade sem causar desconforto excessivo.<\/p>\n\n\n\n<p>O tempo de uso pode variar de acordo com o protocolo da institui\u00e7\u00e3o e o perfil do paciente, mas, em geral, recomenda-se sua utiliza\u00e7\u00e3o cont\u00ednua nas primeiras semanas, especialmente durante o repouso e o sono.<\/p>\n\n\n\n<h2 class=\"wp-block-heading\"><strong>Almofada de Abdu\u00e7\u00e3o da SalvaP\u00e9<\/strong><\/h2>\n\n\n\n<p>A Almofada de Abdu\u00e7\u00e3o da SalvaP\u00e9 (REF: 940-05) \u00e9 indicada para prevenir les\u00f5es de pele por press\u00e3o prolongada, sendo ideal em cirurgias longas e no p\u00f3s-operat\u00f3rio de artroplastia de quadril.<\/p>\n\n\n\n<p>Desenvolvida para manter o posicionamento adequado dos membros inferiores, possui espuma com design anat\u00f4mico que distribui o peso de forma uniforme.<\/p>\n\n\n\n<p>J\u00e1 os fechos aderentes garantem seguran\u00e7a e estabilidade durante o uso, promovendo conforto e prote\u00e7\u00e3o \u00e0 articula\u00e7\u00e3o operada.<\/p>\n\n\n\n<p>Clique<a href=\"https:\/\/salvape.com.br\/produto-salvape\/almofada-para-abducao\"> aqui<\/a> para acessar nosso site e conhecer mais sobre a almofada de abdu\u00e7\u00e3o da SalvaP\u00e9, a escolha ideal para suas necessidades.<\/p>\n\n\n\n<h2 class=\"wp-block-heading\"><strong>SalvaP\u00e9, refer\u00eancia em produtos ortop\u00e9dicos<\/strong><\/h2>\n\n\n\n<p>A melhor escolha em produtos ortop\u00e9dicos \u00e9 aqui! Liderando o mercado ortop\u00e9dico brasileiro, a SalvaP\u00e9 oferece centenas de produtos, entre nacionais e importados, divididos em diversas linhas devidamente registradas nos \u00f3rg\u00e3os competentes.<\/p>\n\n\n\n<p><a href=\"https:\/\/salvape.com.br\/blog\/robofoot-salvape\/\">+ Tudo sobre a Robofoot da SalvaP\u00e9, a melhor bota imobilizadora do mercado<\/a><\/p>\n\n\n\n<p>Fundada em 1938, a SalvaP\u00e9 \u00e9 fabricante, importadora e distribuidora de uma extensa linha de produtos para preven\u00e7\u00e3o, tratamento e reabilita\u00e7\u00e3o.<\/p>\n\n\n\n<p>Abrangendo o mercado hospitalar, cir\u00fargico e ortop\u00e9dico, atendemos atualmente milhares de ortopedistas, fisiatras, fisioterapeutas e, claro, pacientes de todo o Brasil.<\/p>\n\n\n\n<p>Descubra mais sobre a linha completa de produtos ortop\u00e9dicos da SalvaP\u00e9 e saiba onde encontrar:<a href=\"https:\/\/salvape.com.br\/\"> acesse nosso site<\/a> e veja mais!<\/p>\n\n\n\n<div class=\"wp-block-columns has-2-columns is-layout-flex wp-container-core-columns-is-layout-28f84493 wp-block-columns-is-layout-flex\"><\/div>\n","protected":false},"excerpt":{"rendered":"<p>* Por Dr. Bruno Vargas, m\u00e9dico ortopedista especialista em cirurgia de quadril A cirurgia de quadril, especialmente a artroplastia total, \u00e9 um procedimento amplamente realizado no tratamento de patologias como artrose, fraturas do colo do f\u00eamur, necrose avascular da cabe\u00e7a femoral, entre outras. Entre 2012 e 2021, foram realizadas 413 mil artroplastias de quadril no [&hellip;]<\/p>\n","protected":false},"author":1,"featured_media":952,"comment_status":"closed","ping_status":"open","sticky":false,"template":"","format":"standard","meta":{"site-sidebar-layout":"default","site-content-layout":"","ast-site-content-layout":"","site-content-style":"default","site-sidebar-style":"default","ast-global-header-display":"","ast-banner-title-visibility":"","ast-main-header-display":"","ast-hfb-above-header-display":"","ast-hfb-below-header-display":"","ast-hfb-mobile-header-display":"","site-post-title":"","ast-breadcrumbs-content":"","ast-featured-img":"","footer-sml-layout":"","theme-transparent-header-meta":"","adv-header-id-meta":"","stick-header-meta":"","header-above-stick-meta":"","header-main-stick-meta":"","header-below-stick-meta":"","astra-migrate-meta-layouts":"default","ast-page-background-enabled":"default","ast-page-background-meta":{"desktop":{"background-color":"var(--ast-global-color-4)","background-image":"","background-repeat":"repeat","background-position":"center center","background-size":"auto","background-attachment":"scroll","background-type":"","background-media":"","overlay-type":"","overlay-color":"","overlay-opacity":"","overlay-gradient":""},"tablet":{"background-color":"","background-image":"","background-repeat":"repeat","background-position":"center center","background-size":"auto","background-attachment":"scroll","background-type":"","background-media":"","overlay-type":"","overlay-color":"","overlay-opacity":"","overlay-gradient":""},"mobile":{"background-color":"","background-image":"","background-repeat":"repeat","background-position":"center center","background-size":"auto","background-attachment":"scroll","background-type":"","background-media":"","overlay-type":"","overlay-color":"","overlay-opacity":"","overlay-gradient":""}},"ast-content-background-meta":{"desktop":{"background-color":"var(--ast-global-color-5)","background-image":"","background-repeat":"repeat","background-position":"center center","background-size":"auto","background-attachment":"scroll","background-type":"","background-media":"","overlay-type":"","overlay-color":"","overlay-opacity":"","overlay-gradient":""},"tablet":{"background-color":"var(--ast-global-color-5)","background-image":"","background-repeat":"repeat","background-position":"center center","background-size":"auto","background-attachment":"scroll","background-type":"","background-media":"","overlay-type":"","overlay-color":"","overlay-opacity":"","overlay-gradient":""},"mobile":{"background-color":"var(--ast-global-color-5)","background-image":"","background-repeat":"repeat","background-position":"center center","background-size":"auto","background-attachment":"scroll","background-type":"","background-media":"","overlay-type":"","overlay-color":"","overlay-opacity":"","overlay-gradient":""}},"footnotes":""},"categories":[1,5,7],"tags":[182,183,181,184],"class_list":["post-950","post","type-post","status-publish","format-standard","has-post-thumbnail","hentry","category-fisioterapia","category-prevencao-de-feridas","category-saude","tag-abducao","tag-almofada","tag-almofada-de-abducao","tag-cirurgia-de-quadril"],"yoast_head":"<!-- This site is optimized with the Yoast SEO plugin v26.3 - https:\/\/yoast.com\/wordpress\/plugins\/seo\/ -->\r\n<title>A import\u00e2ncia da almofada de abdu\u00e7\u00e3o na cirurgia de quadril - SalvaP\u00e9 -<\/title>\r\n<meta name=\"description\" content=\"A almofada de abdu\u00e7\u00e3o \u00e9 um item imprescind\u00edvel na recupera\u00e7\u00e3o da cirurgia de quadril. Acesse nosso blog e saiba mais!\" \/>\r\n<meta name=\"robots\" content=\"index, follow, max-snippet:-1, max-image-preview:large, max-video-preview:-1\" \/>\r\n<link rel=\"canonical\" href=\"https:\/\/salvape.com.br\/blog\/almofada-de-abducao\/\" \/>\r\n<meta property=\"og:locale\" content=\"pt_BR\" \/>\r\n<meta property=\"og:type\" content=\"article\" \/>\r\n<meta property=\"og:title\" content=\"A import\u00e2ncia da almofada de abdu\u00e7\u00e3o na cirurgia de quadril\" \/>\r\n<meta property=\"og:description\" content=\"A almofada de abdu\u00e7\u00e3o \u00e9 um item imprescind\u00edvel na recupera\u00e7\u00e3o da cirurgia de quadril. Acesse nosso blog e saiba mais!\" \/>\r\n<meta property=\"og:url\" content=\"https:\/\/salvape.com.br\/blog\/almofada-de-abducao\/\" \/>\r\n<meta property=\"og:site_name\" content=\"SalvaP\u00e9 -\" \/>\r\n<meta property=\"article:publisher\" content=\"https:\/\/www.facebook.com\/salvape.ortopedicos\" \/>\r\n<meta property=\"article:published_time\" content=\"2025-06-17T12:21:56+00:00\" \/>\r\n<meta property=\"article:modified_time\" content=\"2025-06-17T12:21:57+00:00\" \/>\r\n<meta property=\"og:image\" content=\"https:\/\/salvape.com.br\/blog\/wp-content\/uploads\/2025\/06\/almofada-de-abducao.jpg\" \/>\r\n\t<meta property=\"og:image:width\" content=\"1280\" \/>\r\n\t<meta property=\"og:image:height\" content=\"854\" \/>\r\n\t<meta property=\"og:image:type\" content=\"image\/jpeg\" \/>\r\n<meta name=\"author\" content=\"Equipe Salvap\u00e9\" \/>\r\n<meta name=\"twitter:card\" content=\"summary_large_image\" \/>\r\n<meta name=\"twitter:title\" content=\"A import\u00e2ncia da almofada de abdu\u00e7\u00e3o na cirurgia de quadril\" \/>\r\n<meta name=\"twitter:description\" content=\"A almofada de abdu\u00e7\u00e3o \u00e9 um item imprescind\u00edvel na recupera\u00e7\u00e3o da cirurgia de quadril. Acesse nosso blog e saiba mais!\" \/>\r\n<meta name=\"twitter:image\" content=\"https:\/\/salvape.com.br\/blog\/wp-content\/uploads\/2025\/06\/almofada-de-abducao.jpg\" \/>\r\n<meta name=\"twitter:creator\" content=\"@Salvape\" \/>\r\n<meta name=\"twitter:site\" content=\"@Salvape\" \/>\r\n<meta name=\"twitter:label1\" content=\"Escrito por\" \/>\n\t<meta name=\"twitter:data1\" content=\"Equipe Salvap\u00e9\" \/>\n\t<meta name=\"twitter:label2\" content=\"Est. tempo de leitura\" \/>\n\t<meta name=\"twitter:data2\" content=\"5 minutos\" \/>\r\n<script type=\"application\/ld+json\" class=\"yoast-schema-graph\">{\"@context\":\"https:\/\/schema.org\",\"@graph\":[{\"@type\":\"Article\",\"@id\":\"https:\/\/salvape.com.br\/blog\/almofada-de-abducao\/#article\",\"isPartOf\":{\"@id\":\"https:\/\/salvape.com.br\/blog\/almofada-de-abducao\/\"},\"author\":{\"name\":\"Equipe Salvap\u00e9\",\"@id\":\"https:\/\/salvape.com.br\/blog\/#\/schema\/person\/a9e8339f29ccb9f8be3cc354103e6a77\"},\"headline\":\"A import\u00e2ncia da almofada de abdu\u00e7\u00e3o na cirurgia de quadril\",\"datePublished\":\"2025-06-17T12:21:56+00:00\",\"dateModified\":\"2025-06-17T12:21:57+00:00\",\"mainEntityOfPage\":{\"@id\":\"https:\/\/salvape.com.br\/blog\/almofada-de-abducao\/\"},\"wordCount\":873,\"publisher\":{\"@id\":\"https:\/\/salvape.com.br\/blog\/#organization\"},\"image\":{\"@id\":\"https:\/\/salvape.com.br\/blog\/almofada-de-abducao\/#primaryimage\"},\"thumbnailUrl\":\"https:\/\/salvape.com.br\/blog\/wp-content\/uploads\/2025\/06\/almofada-de-abducao.jpg\",\"keywords\":[\"abdu\u00e7\u00e3o\",\"almofada\",\"almofada de abdu\u00e7\u00e3o\",\"cirurgia de quadril\"],\"articleSection\":[\"Fisioterapia\",\"Preven\u00e7\u00e3o de Feridas\",\"Sa\u00fade\"],\"inLanguage\":\"pt-BR\"},{\"@type\":\"WebPage\",\"@id\":\"https:\/\/salvape.com.br\/blog\/almofada-de-abducao\/\",\"url\":\"https:\/\/salvape.com.br\/blog\/almofada-de-abducao\/\",\"name\":\"A import\u00e2ncia da almofada de abdu\u00e7\u00e3o na cirurgia de quadril - SalvaP\u00e9 -\",\"isPartOf\":{\"@id\":\"https:\/\/salvape.com.br\/blog\/#website\"},\"primaryImageOfPage\":{\"@id\":\"https:\/\/salvape.com.br\/blog\/almofada-de-abducao\/#primaryimage\"},\"image\":{\"@id\":\"https:\/\/salvape.com.br\/blog\/almofada-de-abducao\/#primaryimage\"},\"thumbnailUrl\":\"https:\/\/salvape.com.br\/blog\/wp-content\/uploads\/2025\/06\/almofada-de-abducao.jpg\",\"datePublished\":\"2025-06-17T12:21:56+00:00\",\"dateModified\":\"2025-06-17T12:21:57+00:00\",\"description\":\"A almofada de abdu\u00e7\u00e3o \u00e9 um item imprescind\u00edvel na recupera\u00e7\u00e3o da cirurgia de quadril. Acesse nosso blog e saiba mais!\",\"breadcrumb\":{\"@id\":\"https:\/\/salvape.com.br\/blog\/almofada-de-abducao\/#breadcrumb\"},\"inLanguage\":\"pt-BR\",\"potentialAction\":[{\"@type\":\"ReadAction\",\"target\":[\"https:\/\/salvape.com.br\/blog\/almofada-de-abducao\/\"]}]},{\"@type\":\"ImageObject\",\"inLanguage\":\"pt-BR\",\"@id\":\"https:\/\/salvape.com.br\/blog\/almofada-de-abducao\/#primaryimage\",\"url\":\"https:\/\/salvape.com.br\/blog\/wp-content\/uploads\/2025\/06\/almofada-de-abducao.jpg\",\"contentUrl\":\"https:\/\/salvape.com.br\/blog\/wp-content\/uploads\/2025\/06\/almofada-de-abducao.jpg\",\"width\":1280,\"height\":854,\"caption\":\"almofada-de-abducao\"},{\"@type\":\"BreadcrumbList\",\"@id\":\"https:\/\/salvape.com.br\/blog\/almofada-de-abducao\/#breadcrumb\",\"itemListElement\":[{\"@type\":\"ListItem\",\"position\":1,\"name\":\"In\u00edcio\",\"item\":\"https:\/\/salvape.com.br\/blog\/\"},{\"@type\":\"ListItem\",\"position\":2,\"name\":\"A import\u00e2ncia da almofada de abdu\u00e7\u00e3o na cirurgia de quadril\"}]},{\"@type\":\"WebSite\",\"@id\":\"https:\/\/salvape.com.br\/blog\/#website\",\"url\":\"https:\/\/salvape.com.br\/blog\/\",\"name\":\"SalvaP\u00e9 -\",\"description\":\"Produtos Ortop\u00e9dicos da Cabe\u00e7a aos P\u00e9s\",\"publisher\":{\"@id\":\"https:\/\/salvape.com.br\/blog\/#organization\"},\"potentialAction\":[{\"@type\":\"SearchAction\",\"target\":{\"@type\":\"EntryPoint\",\"urlTemplate\":\"https:\/\/salvape.com.br\/blog\/?s={search_term_string}\"},\"query-input\":{\"@type\":\"PropertyValueSpecification\",\"valueRequired\":true,\"valueName\":\"search_term_string\"}}],\"inLanguage\":\"pt-BR\"},{\"@type\":\"Organization\",\"@id\":\"https:\/\/salvape.com.br\/blog\/#organization\",\"name\":\"Salvape Produtos Ortop\u00e9dicos\",\"url\":\"https:\/\/salvape.com.br\/blog\/\",\"logo\":{\"@type\":\"ImageObject\",\"inLanguage\":\"pt-BR\",\"@id\":\"https:\/\/salvape.com.br\/blog\/#\/schema\/logo\/image\/\",\"url\":\"https:\/\/salvape.com.br\/blog\/wp-content\/uploads\/2018\/06\/logo-rodape.png\",\"contentUrl\":\"https:\/\/salvape.com.br\/blog\/wp-content\/uploads\/2018\/06\/logo-rodape.png\",\"width\":214,\"height\":60,\"caption\":\"Salvape Produtos Ortop\u00e9dicos\"},\"image\":{\"@id\":\"https:\/\/salvape.com.br\/blog\/#\/schema\/logo\/image\/\"},\"sameAs\":[\"https:\/\/www.facebook.com\/salvape.ortopedicos\",\"https:\/\/x.com\/Salvape\",\"https:\/\/www.instagram.com\/salvape.oficial\/\",\"https:\/\/www.youtube.com\/user\/salvapeortopedia\"]},{\"@type\":\"Person\",\"@id\":\"https:\/\/salvape.com.br\/blog\/#\/schema\/person\/a9e8339f29ccb9f8be3cc354103e6a77\",\"name\":\"Equipe Salvap\u00e9\",\"image\":{\"@type\":\"ImageObject\",\"inLanguage\":\"pt-BR\",\"@id\":\"https:\/\/salvape.com.br\/blog\/#\/schema\/person\/image\/\",\"url\":\"https:\/\/secure.gravatar.com\/avatar\/34306bfdcd93bf1e791ea4ccb1acd3edae950b99ef8377ea5c193fd3446bc2c3?s=96&d=mm&r=g\",\"contentUrl\":\"https:\/\/secure.gravatar.com\/avatar\/34306bfdcd93bf1e791ea4ccb1acd3edae950b99ef8377ea5c193fd3446bc2c3?s=96&d=mm&r=g\",\"caption\":\"Equipe Salvap\u00e9\"},\"description\":\"Fundada em 1938, a SalvaP\u00e9 foi pioneira no mercado de produtos ortop\u00e9dicos no Brasil. S\u00e3o mais de 80 anos trabalhando em parceria com os melhores profissionais da sa\u00fade do pa\u00eds para oferecer produtos com foco em inova\u00e7\u00e3o e qualidade. SalvaP\u00e9, desde 1938, Produtos Ortop\u00e9dicos da Cabe\u00e7a aos P\u00e9s.\",\"sameAs\":[\"http:\/\/www.salvape.com.br\"]}]}<\/script>\r\n<!-- \/ Yoast SEO plugin. -->","yoast_head_json":{"title":"A import\u00e2ncia da almofada de abdu\u00e7\u00e3o na cirurgia de quadril - SalvaP\u00e9 -","description":"A almofada de abdu\u00e7\u00e3o \u00e9 um item imprescind\u00edvel na recupera\u00e7\u00e3o da cirurgia de quadril. Acesse nosso blog e saiba mais!","robots":{"index":"index","follow":"follow","max-snippet":"max-snippet:-1","max-image-preview":"max-image-preview:large","max-video-preview":"max-video-preview:-1"},"canonical":"https:\/\/salvape.com.br\/blog\/almofada-de-abducao\/","og_locale":"pt_BR","og_type":"article","og_title":"A import\u00e2ncia da almofada de abdu\u00e7\u00e3o na cirurgia de quadril","og_description":"A almofada de abdu\u00e7\u00e3o \u00e9 um item imprescind\u00edvel na recupera\u00e7\u00e3o da cirurgia de quadril. Acesse nosso blog e saiba mais!","og_url":"https:\/\/salvape.com.br\/blog\/almofada-de-abducao\/","og_site_name":"SalvaP\u00e9 -","article_publisher":"https:\/\/www.facebook.com\/salvape.ortopedicos","article_published_time":"2025-06-17T12:21:56+00:00","article_modified_time":"2025-06-17T12:21:57+00:00","og_image":[{"width":1280,"height":854,"url":"https:\/\/salvape.com.br\/blog\/wp-content\/uploads\/2025\/06\/almofada-de-abducao.jpg","type":"image\/jpeg"}],"author":"Equipe Salvap\u00e9","twitter_card":"summary_large_image","twitter_title":"A import\u00e2ncia da almofada de abdu\u00e7\u00e3o na cirurgia de quadril","twitter_description":"A almofada de abdu\u00e7\u00e3o \u00e9 um item imprescind\u00edvel na recupera\u00e7\u00e3o da cirurgia de quadril. Acesse nosso blog e saiba mais!","twitter_image":"https:\/\/salvape.com.br\/blog\/wp-content\/uploads\/2025\/06\/almofada-de-abducao.jpg","twitter_creator":"@Salvape","twitter_site":"@Salvape","twitter_misc":{"Escrito por":"Equipe Salvap\u00e9","Est. tempo de leitura":"5 minutos"},"schema":{"@context":"https:\/\/schema.org","@graph":[{"@type":"Article","@id":"https:\/\/salvape.com.br\/blog\/almofada-de-abducao\/#article","isPartOf":{"@id":"https:\/\/salvape.com.br\/blog\/almofada-de-abducao\/"},"author":{"name":"Equipe Salvap\u00e9","@id":"https:\/\/salvape.com.br\/blog\/#\/schema\/person\/a9e8339f29ccb9f8be3cc354103e6a77"},"headline":"A import\u00e2ncia da almofada de abdu\u00e7\u00e3o na cirurgia de quadril","datePublished":"2025-06-17T12:21:56+00:00","dateModified":"2025-06-17T12:21:57+00:00","mainEntityOfPage":{"@id":"https:\/\/salvape.com.br\/blog\/almofada-de-abducao\/"},"wordCount":873,"publisher":{"@id":"https:\/\/salvape.com.br\/blog\/#organization"},"image":{"@id":"https:\/\/salvape.com.br\/blog\/almofada-de-abducao\/#primaryimage"},"thumbnailUrl":"https:\/\/salvape.com.br\/blog\/wp-content\/uploads\/2025\/06\/almofada-de-abducao.jpg","keywords":["abdu\u00e7\u00e3o","almofada","almofada de abdu\u00e7\u00e3o","cirurgia de quadril"],"articleSection":["Fisioterapia","Preven\u00e7\u00e3o de Feridas","Sa\u00fade"],"inLanguage":"pt-BR"},{"@type":"WebPage","@id":"https:\/\/salvape.com.br\/blog\/almofada-de-abducao\/","url":"https:\/\/salvape.com.br\/blog\/almofada-de-abducao\/","name":"A import\u00e2ncia da almofada de abdu\u00e7\u00e3o na cirurgia de quadril - SalvaP\u00e9 -","isPartOf":{"@id":"https:\/\/salvape.com.br\/blog\/#website"},"primaryImageOfPage":{"@id":"https:\/\/salvape.com.br\/blog\/almofada-de-abducao\/#primaryimage"},"image":{"@id":"https:\/\/salvape.com.br\/blog\/almofada-de-abducao\/#primaryimage"},"thumbnailUrl":"https:\/\/salvape.com.br\/blog\/wp-content\/uploads\/2025\/06\/almofada-de-abducao.jpg","datePublished":"2025-06-17T12:21:56+00:00","dateModified":"2025-06-17T12:21:57+00:00","description":"A almofada de abdu\u00e7\u00e3o \u00e9 um item imprescind\u00edvel na recupera\u00e7\u00e3o da cirurgia de quadril. Acesse nosso blog e saiba mais!","breadcrumb":{"@id":"https:\/\/salvape.com.br\/blog\/almofada-de-abducao\/#breadcrumb"},"inLanguage":"pt-BR","potentialAction":[{"@type":"ReadAction","target":["https:\/\/salvape.com.br\/blog\/almofada-de-abducao\/"]}]},{"@type":"ImageObject","inLanguage":"pt-BR","@id":"https:\/\/salvape.com.br\/blog\/almofada-de-abducao\/#primaryimage","url":"https:\/\/salvape.com.br\/blog\/wp-content\/uploads\/2025\/06\/almofada-de-abducao.jpg","contentUrl":"https:\/\/salvape.com.br\/blog\/wp-content\/uploads\/2025\/06\/almofada-de-abducao.jpg","width":1280,"height":854,"caption":"almofada-de-abducao"},{"@type":"BreadcrumbList","@id":"https:\/\/salvape.com.br\/blog\/almofada-de-abducao\/#breadcrumb","itemListElement":[{"@type":"ListItem","position":1,"name":"In\u00edcio","item":"https:\/\/salvape.com.br\/blog\/"},{"@type":"ListItem","position":2,"name":"A import\u00e2ncia da almofada de abdu\u00e7\u00e3o na cirurgia de quadril"}]},{"@type":"WebSite","@id":"https:\/\/salvape.com.br\/blog\/#website","url":"https:\/\/salvape.com.br\/blog\/","name":"SalvaP\u00e9 -","description":"Produtos Ortop\u00e9dicos da Cabe\u00e7a aos P\u00e9s","publisher":{"@id":"https:\/\/salvape.com.br\/blog\/#organization"},"potentialAction":[{"@type":"SearchAction","target":{"@type":"EntryPoint","urlTemplate":"https:\/\/salvape.com.br\/blog\/?s={search_term_string}"},"query-input":{"@type":"PropertyValueSpecification","valueRequired":true,"valueName":"search_term_string"}}],"inLanguage":"pt-BR"},{"@type":"Organization","@id":"https:\/\/salvape.com.br\/blog\/#organization","name":"Salvape Produtos Ortop\u00e9dicos","url":"https:\/\/salvape.com.br\/blog\/","logo":{"@type":"ImageObject","inLanguage":"pt-BR","@id":"https:\/\/salvape.com.br\/blog\/#\/schema\/logo\/image\/","url":"https:\/\/salvape.com.br\/blog\/wp-content\/uploads\/2018\/06\/logo-rodape.png","contentUrl":"https:\/\/salvape.com.br\/blog\/wp-content\/uploads\/2018\/06\/logo-rodape.png","width":214,"height":60,"caption":"Salvape Produtos Ortop\u00e9dicos"},"image":{"@id":"https:\/\/salvape.com.br\/blog\/#\/schema\/logo\/image\/"},"sameAs":["https:\/\/www.facebook.com\/salvape.ortopedicos","https:\/\/x.com\/Salvape","https:\/\/www.instagram.com\/salvape.oficial\/","https:\/\/www.youtube.com\/user\/salvapeortopedia"]},{"@type":"Person","@id":"https:\/\/salvape.com.br\/blog\/#\/schema\/person\/a9e8339f29ccb9f8be3cc354103e6a77","name":"Equipe Salvap\u00e9","image":{"@type":"ImageObject","inLanguage":"pt-BR","@id":"https:\/\/salvape.com.br\/blog\/#\/schema\/person\/image\/","url":"https:\/\/secure.gravatar.com\/avatar\/34306bfdcd93bf1e791ea4ccb1acd3edae950b99ef8377ea5c193fd3446bc2c3?s=96&d=mm&r=g","contentUrl":"https:\/\/secure.gravatar.com\/avatar\/34306bfdcd93bf1e791ea4ccb1acd3edae950b99ef8377ea5c193fd3446bc2c3?s=96&d=mm&r=g","caption":"Equipe Salvap\u00e9"},"description":"Fundada em 1938, a SalvaP\u00e9 foi pioneira no mercado de produtos ortop\u00e9dicos no Brasil. S\u00e3o mais de 80 anos trabalhando em parceria com os melhores profissionais da sa\u00fade do pa\u00eds para oferecer produtos com foco em inova\u00e7\u00e3o e qualidade. SalvaP\u00e9, desde 1938, Produtos Ortop\u00e9dicos da Cabe\u00e7a aos P\u00e9s.","sameAs":["http:\/\/www.salvape.com.br"]}]}},"_links":{"self":[{"href":"https:\/\/salvape.com.br\/blog\/wp-json\/wp\/v2\/posts\/950","targetHints":{"allow":["GET"]}}],"collection":[{"href":"https:\/\/salvape.com.br\/blog\/wp-json\/wp\/v2\/posts"}],"about":[{"href":"https:\/\/salvape.com.br\/blog\/wp-json\/wp\/v2\/types\/post"}],"author":[{"embeddable":true,"href":"https:\/\/salvape.com.br\/blog\/wp-json\/wp\/v2\/users\/1"}],"replies":[{"embeddable":true,"href":"https:\/\/salvape.com.br\/blog\/wp-json\/wp\/v2\/comments?post=950"}],"version-history":[{"count":2,"href":"https:\/\/salvape.com.br\/blog\/wp-json\/wp\/v2\/posts\/950\/revisions"}],"predecessor-version":[{"id":953,"href":"https:\/\/salvape.com.br\/blog\/wp-json\/wp\/v2\/posts\/950\/revisions\/953"}],"wp:featuredmedia":[{"embeddable":true,"href":"https:\/\/salvape.com.br\/blog\/wp-json\/wp\/v2\/media\/952"}],"wp:attachment":[{"href":"https:\/\/salvape.com.br\/blog\/wp-json\/wp\/v2\/media?parent=950"}],"wp:term":[{"taxonomy":"category","embeddable":true,"href":"https:\/\/salvape.com.br\/blog\/wp-json\/wp\/v2\/categories?post=950"},{"taxonomy":"post_tag","embeddable":true,"href":"https:\/\/salvape.com.br\/blog\/wp-json\/wp\/v2\/tags?post=950"}],"curies":[{"name":"wp","href":"https:\/\/api.w.org\/{rel}","templated":true}]}}