{"id":974,"date":"2025-07-08T10:36:02","date_gmt":"2025-07-08T13:36:02","guid":{"rendered":"https:\/\/salvape.com.br\/blog\/?p=974"},"modified":"2025-07-08T10:36:04","modified_gmt":"2025-07-08T13:36:04","slug":"mobilidade-doencas-degenerativas","status":"publish","type":"post","link":"https:\/\/salvape.com.br\/blog\/mobilidade-doencas-degenerativas\/","title":{"rendered":"Como manter a mobilidade em pacientes com doen\u00e7as degenerativas"},"content":{"rendered":"\n<p>A perda progressiva da <strong>mobilidade <\/strong>\u00e9 uma das manifesta\u00e7\u00f5es mais impactantes em pacientes com doen\u00e7as degenerativas do sistema nervoso central ou musculoesquel\u00e9tico.<\/p>\n\n\n\n<p>A limita\u00e7\u00e3o funcional decorrente desses quadros compromete n\u00e3o apenas a locomo\u00e7\u00e3o, mas tamb\u00e9m a autonomia nas atividades da vida di\u00e1ria, o equil\u00edbrio postural e o desempenho motor global.<\/p>\n\n\n\n<p><a href=\"https:\/\/salvape.com.br\/blog\/cintas-ortopedicas-abdominais\/\">+ Cintas ortop\u00e9dicas abdominais: quando s\u00e3o recomendadas?<\/a><\/p>\n\n\n\n<p>Condi\u00e7\u00f5es como a esclerose lateral amiotr\u00f3fica (ELA), a esclerose m\u00faltipla (EM), a doen\u00e7a de Parkinson (DP) e diversas formas de atrofias musculares espinhais compartilham caracter\u00edsticas de decl\u00ednio motor cont\u00ednuo.<\/p>\n\n\n\n<p>Por isso, acabam exigindo estrat\u00e9gias espec\u00edficas de interven\u00e7\u00e3o para retardar a progress\u00e3o da incapacidade e preservar a funcionalidade pelo maior tempo poss\u00edvel.<\/p>\n\n\n\n<p>O manejo cl\u00ednico da mobilidade exige abordagem individualizada, pautada na avalia\u00e7\u00e3o multidimensional das limita\u00e7\u00f5es e das capacidades remanescentes do paciente.<\/p>\n\n\n\n<h2 class=\"wp-block-heading\"><strong>Fisioterapia motora e cinesioterapia adaptada<\/strong><\/h2>\n\n\n\n<p>A prescri\u00e7\u00e3o de exerc\u00edcios terap\u00eauticos em pacientes com doen\u00e7as degenerativas deve considerar o est\u00e1gio cl\u00ednico da enfermidade, a presen\u00e7a de rigidez, espasticidade ou fadiga, e os padr\u00f5es compensat\u00f3rios de movimento.<\/p>\n\n\n\n<p>Protocolos de cinesioterapia ativa e resistida, com foco em fortalecimento muscular de membros inferiores e tronco, t\u00eam se mostrado eficazes na manuten\u00e7\u00e3o da marcha funcional, especialmente em est\u00e1gios iniciais de Parkinson e EM.<\/p>\n\n\n\n<p><a href=\"https:\/\/salvape.com.br\/blog\/lombalgia-como-tratar\/\">+ O que \u00e9 lombalgia e como tratar o problema?<\/a><\/p>\n\n\n\n<p>O uso controlado de exerc\u00edcios aer\u00f3bicos, como a bicicleta ergom\u00e9trica ou a esteira com suporte de peso, pode contribuir para a preserva\u00e7\u00e3o da capacidade cardiorrespirat\u00f3ria, desde que ajustado \u00e0 toler\u00e2ncia individual.<\/p>\n\n\n\n<p>J\u00e1 t\u00e9cnicas de facilita\u00e7\u00e3o neuromuscular proprioceptiva (FNP), treino de transfer\u00eancia postural e atividades de dupla tarefa s\u00e3o recomendadas para o aprimoramento da coordena\u00e7\u00e3o motora e preven\u00e7\u00e3o de quedas.<\/p>\n\n\n\n<h2 class=\"wp-block-heading\"><strong>Reabilita\u00e7\u00e3o com tecnologias assistivas<\/strong><\/h2>\n\n\n\n<p>Dispositivos de aux\u00edlio \u00e0 marcha e sistemas de suporte rob\u00f3tico t\u00eam evolu\u00eddo como complementos relevantes no manejo da mobilidade reduzida.<\/p>\n\n\n\n<p>Em pacientes com comprometimento significativo da for\u00e7a muscular proximal ou controle postural inst\u00e1vel, o uso de \u00f3rteses, como tornozeleiras estabilizadoras ou coletes de tronco, pode otimizar o alinhamento biomec\u00e2nico e reduzir o gasto energ\u00e9tico durante a locomo\u00e7\u00e3o.<\/p>\n\n\n\n<p><a href=\"https:\/\/salvape.com.br\/blog\/suspensorio-de-pavlik\/\">+ Suspens\u00f3rio de Pavlik: o que \u00e9 e para quem \u00e9 indicado?<\/a><\/p>\n\n\n\n<p>Sistemas rob\u00f3ticos de reabilita\u00e7\u00e3o, como exoesqueletos motorizados ou esteiras com feedback sensorial, t\u00eam demonstrado benef\u00edcio em protocolos intensivos de treino de marcha, especialmente em contextos hospitalares ou ambulatoriais de alta complexidade.<\/p>\n\n\n\n<p>Al\u00e9m disso, a integra\u00e7\u00e3o de sensores inerciais port\u00e1teis e plataformas de realidade virtual pode auxiliar no monitoramento cont\u00ednuo da performance motora e na personaliza\u00e7\u00e3o das metas de reabilita\u00e7\u00e3o.<\/p>\n\n\n\n<h2 class=\"wp-block-heading\"><strong>Estrat\u00e9gias ambientais e ergon\u00f4micas<\/strong><\/h2>\n\n\n\n<p>A adapta\u00e7\u00e3o do ambiente dom\u00e9stico e institucional \u00e9 componente necess\u00e1rio da abordagem terap\u00eautica voltada \u00e0 preserva\u00e7\u00e3o da mobilidade funcional.<\/p>\n\n\n\n<p>Instalar barras de apoio em corredores e banheiros, fazer o rebaixamento de soleiras e reorganizar o mobili\u00e1rio para favorecer rotas de circula\u00e7\u00e3o livre s\u00e3o interven\u00e7\u00f5es simples que impactam diretamente na capacidade de deslocamento seguro.<\/p>\n\n\n\n<p>A ergonomia dos utens\u00edlios de uso di\u00e1rio, como talheres, controles e objetos de higiene pessoal, deve ser ajustada \u00e0s limita\u00e7\u00f5es motoras finas, reduzindo a depend\u00eancia de terceiros.<\/p>\n\n\n\n<p>Em fases avan\u00e7adas, a substitui\u00e7\u00e3o de degraus por rampas e o uso de cadeiras de rodas motorizadas com controle postural tornam-se medidas indispens\u00e1veis \u00e0 manuten\u00e7\u00e3o da autonomia parcial.<\/p>\n\n\n\n<h2 class=\"wp-block-heading\"><strong>Enfoque interdisciplinar e acompanhamento longitudinal<\/strong><\/h2>\n\n\n\n<p>O controle da progress\u00e3o da limita\u00e7\u00e3o funcional tamb\u00e9m depende de acompanhamento cont\u00ednuo e ajustes frequentes das estrat\u00e9gias terap\u00eauticas.<\/p>\n\n\n\n<p>Avalia\u00e7\u00f5es peri\u00f3dicas da marcha (por meio de escalas como Tinetti e Timed Up and Go), da for\u00e7a muscular (MRC) e da capacidade funcional global (Barthel, EDSS ou Hoehn &amp; Yahr, conforme a condi\u00e7\u00e3o) permitem readequar os objetivos terap\u00eauticos com base na evolu\u00e7\u00e3o cl\u00ednica.<\/p>\n\n\n\n<p>\u00c9 importante destacar que barreiras emocionais como apatia, medo de quedas ou depress\u00e3o reativa devem ser abordadas desde os est\u00e1gios iniciais, com suporte psicoterap\u00eautico quando necess\u00e1rio.<\/p>\n\n\n\n<h2 class=\"wp-block-heading\"><strong>SalvaP\u00e9, refer\u00eancia em produtos ortop\u00e9dicos<\/strong><\/h2>\n\n\n\n<p>A melhor escolha em produtos ortop\u00e9dicos \u00e9 aqui! Liderando o mercado ortop\u00e9dico brasileiro, a SalvaP\u00e9 oferece centenas de produtos, entre nacionais e importados, divididos em diversas linhas devidamente registradas nos \u00f3rg\u00e3os competentes.<\/p>\n\n\n\n<p><a href=\"https:\/\/salvape.com.br\/blog\/tratamentos-nao-cirurgicos-coluna\/\">+ Os principais tratamentos n\u00e3o-cir\u00fargicos para les\u00f5es na coluna<\/a><\/p>\n\n\n\n<p>Fundada em 1938, a SalvaP\u00e9 \u00e9 fabricante, importadora e distribuidora de uma extensa linha de produtos para preven\u00e7\u00e3o, tratamento e reabilita\u00e7\u00e3o.<\/p>\n\n\n\n<p>Abrangendo o mercado hospitalar, cir\u00fargico e ortop\u00e9dico, atendemos atualmente milhares de ortopedistas, fisiatras, fisioterapeutas e, claro, pacientes de todo o Brasil.<\/p>\n\n\n\n<p>Descubra mais sobre a linha completa de produtos ortop\u00e9dicos da SalvaP\u00e9 e saiba onde encontrar:<a href=\"https:\/\/salvape.com.br\/\"> acesse nosso site<\/a> e veja mais!<\/p>\n\n\n\n<div class=\"wp-block-columns has-2-columns is-layout-flex wp-container-core-columns-is-layout-28f84493 wp-block-columns-is-layout-flex\"><\/div>\n","protected":false},"excerpt":{"rendered":"<p>A perda progressiva da mobilidade \u00e9 uma das manifesta\u00e7\u00f5es mais impactantes em pacientes com doen\u00e7as degenerativas do sistema nervoso central ou musculoesquel\u00e9tico. A limita\u00e7\u00e3o funcional decorrente desses quadros compromete n\u00e3o apenas a locomo\u00e7\u00e3o, mas tamb\u00e9m a autonomia nas atividades da vida di\u00e1ria, o equil\u00edbrio postural e o desempenho motor global. + Cintas ortop\u00e9dicas abdominais: quando [&hellip;]<\/p>\n","protected":false},"author":1,"featured_media":976,"comment_status":"closed","ping_status":"open","sticky":false,"template":"","format":"standard","meta":{"site-sidebar-layout":"default","site-content-layout":"","ast-site-content-layout":"","site-content-style":"default","site-sidebar-style":"default","ast-global-header-display":"","ast-banner-title-visibility":"","ast-main-header-display":"","ast-hfb-above-header-display":"","ast-hfb-below-header-display":"","ast-hfb-mobile-header-display":"","site-post-title":"","ast-breadcrumbs-content":"","ast-featured-img":"","footer-sml-layout":"","theme-transparent-header-meta":"","adv-header-id-meta":"","stick-header-meta":"","header-above-stick-meta":"","header-main-stick-meta":"","header-below-stick-meta":"","astra-migrate-meta-layouts":"default","ast-page-background-enabled":"default","ast-page-background-meta":{"desktop":{"background-color":"var(--ast-global-color-4)","background-image":"","background-repeat":"repeat","background-position":"center center","background-size":"auto","background-attachment":"scroll","background-type":"","background-media":"","overlay-type":"","overlay-color":"","overlay-opacity":"","overlay-gradient":""},"tablet":{"background-color":"","background-image":"","background-repeat":"repeat","background-position":"center center","background-size":"auto","background-attachment":"scroll","background-type":"","background-media":"","overlay-type":"","overlay-color":"","overlay-opacity":"","overlay-gradient":""},"mobile":{"background-color":"","background-image":"","background-repeat":"repeat","background-position":"center center","background-size":"auto","background-attachment":"scroll","background-type":"","background-media":"","overlay-type":"","overlay-color":"","overlay-opacity":"","overlay-gradient":""}},"ast-content-background-meta":{"desktop":{"background-color":"var(--ast-global-color-5)","background-image":"","background-repeat":"repeat","background-position":"center center","background-size":"auto","background-attachment":"scroll","background-type":"","background-media":"","overlay-type":"","overlay-color":"","overlay-opacity":"","overlay-gradient":""},"tablet":{"background-color":"var(--ast-global-color-5)","background-image":"","background-repeat":"repeat","background-position":"center center","background-size":"auto","background-attachment":"scroll","background-type":"","background-media":"","overlay-type":"","overlay-color":"","overlay-opacity":"","overlay-gradient":""},"mobile":{"background-color":"var(--ast-global-color-5)","background-image":"","background-repeat":"repeat","background-position":"center center","background-size":"auto","background-attachment":"scroll","background-type":"","background-media":"","overlay-type":"","overlay-color":"","overlay-opacity":"","overlay-gradient":""}},"footnotes":""},"categories":[6,5,7],"tags":[190,31,191,10],"class_list":["post-974","post","type-post","status-publish","format-standard","has-post-thumbnail","hentry","category-estilo-de-vida","category-prevencao-de-feridas","category-saude","tag-doencas-degenerativas","tag-mobilidade","tag-motora","tag-salvape"],"yoast_head":"<!-- This site is optimized with the Yoast SEO plugin v26.3 - https:\/\/yoast.com\/wordpress\/plugins\/seo\/ -->\r\n<title>Como manter a mobilidade em pacientes com doen\u00e7as degenerativas - SalvaP\u00e9 -<\/title>\r\n<meta name=\"description\" content=\"Entenda as estrat\u00e9gias eficazes para manter a fun\u00e7\u00e3o motora em quadros degenerativos com foco em reabilita\u00e7\u00e3o e adapta\u00e7\u00f5es ambientais. Acesse nosso blog e confira!\" \/>\r\n<meta name=\"robots\" content=\"index, follow, max-snippet:-1, max-image-preview:large, max-video-preview:-1\" \/>\r\n<link rel=\"canonical\" href=\"https:\/\/salvape.com.br\/blog\/mobilidade-doencas-degenerativas\/\" \/>\r\n<meta property=\"og:locale\" content=\"pt_BR\" \/>\r\n<meta property=\"og:type\" content=\"article\" \/>\r\n<meta property=\"og:title\" content=\"Como manter a mobilidade em pacientes com doen\u00e7as degenerativas\" \/>\r\n<meta property=\"og:description\" content=\"Entenda as estrat\u00e9gias eficazes para manter a fun\u00e7\u00e3o motora em quadros degenerativos com foco em reabilita\u00e7\u00e3o e adapta\u00e7\u00f5es ambientais. Acesse nosso blog e confira!\" \/>\r\n<meta property=\"og:url\" content=\"https:\/\/salvape.com.br\/blog\/mobilidade-doencas-degenerativas\/\" \/>\r\n<meta property=\"og:site_name\" content=\"SalvaP\u00e9 -\" \/>\r\n<meta property=\"article:publisher\" content=\"https:\/\/www.facebook.com\/salvape.ortopedicos\" \/>\r\n<meta property=\"article:published_time\" content=\"2025-07-08T13:36:02+00:00\" \/>\r\n<meta property=\"article:modified_time\" content=\"2025-07-08T13:36:04+00:00\" \/>\r\n<meta property=\"og:image\" content=\"https:\/\/salvape.com.br\/blog\/wp-content\/uploads\/2025\/07\/mobilidade-doencas-degenerativas.jpg\" \/>\r\n\t<meta property=\"og:image:width\" content=\"1200\" \/>\r\n\t<meta property=\"og:image:height\" content=\"655\" \/>\r\n\t<meta property=\"og:image:type\" content=\"image\/jpeg\" \/>\r\n<meta name=\"author\" content=\"Equipe Salvap\u00e9\" \/>\r\n<meta name=\"twitter:card\" content=\"summary_large_image\" \/>\r\n<meta name=\"twitter:title\" content=\"Como manter a mobilidade em pacientes com doen\u00e7as degenerativas\" \/>\r\n<meta name=\"twitter:description\" content=\"Entenda as estrat\u00e9gias eficazes para manter a fun\u00e7\u00e3o motora em quadros degenerativos com foco em reabilita\u00e7\u00e3o e adapta\u00e7\u00f5es ambientais. Acesse nosso blog e confira!\" \/>\r\n<meta name=\"twitter:image\" content=\"https:\/\/salvape.com.br\/blog\/wp-content\/uploads\/2025\/07\/mobilidade-doencas-degenerativas.jpg\" \/>\r\n<meta name=\"twitter:creator\" content=\"@Salvape\" \/>\r\n<meta name=\"twitter:site\" content=\"@Salvape\" \/>\r\n<meta name=\"twitter:label1\" content=\"Escrito por\" \/>\n\t<meta name=\"twitter:data1\" content=\"Equipe Salvap\u00e9\" \/>\n\t<meta name=\"twitter:label2\" content=\"Est. tempo de leitura\" \/>\n\t<meta name=\"twitter:data2\" content=\"5 minutos\" \/>\r\n<script type=\"application\/ld+json\" class=\"yoast-schema-graph\">{\"@context\":\"https:\/\/schema.org\",\"@graph\":[{\"@type\":\"Article\",\"@id\":\"https:\/\/salvape.com.br\/blog\/mobilidade-doencas-degenerativas\/#article\",\"isPartOf\":{\"@id\":\"https:\/\/salvape.com.br\/blog\/mobilidade-doencas-degenerativas\/\"},\"author\":{\"name\":\"Equipe Salvap\u00e9\",\"@id\":\"https:\/\/salvape.com.br\/blog\/#\/schema\/person\/a9e8339f29ccb9f8be3cc354103e6a77\"},\"headline\":\"Como manter a mobilidade em pacientes com doen\u00e7as degenerativas\",\"datePublished\":\"2025-07-08T13:36:02+00:00\",\"dateModified\":\"2025-07-08T13:36:04+00:00\",\"mainEntityOfPage\":{\"@id\":\"https:\/\/salvape.com.br\/blog\/mobilidade-doencas-degenerativas\/\"},\"wordCount\":823,\"publisher\":{\"@id\":\"https:\/\/salvape.com.br\/blog\/#organization\"},\"image\":{\"@id\":\"https:\/\/salvape.com.br\/blog\/mobilidade-doencas-degenerativas\/#primaryimage\"},\"thumbnailUrl\":\"https:\/\/salvape.com.br\/blog\/wp-content\/uploads\/2025\/07\/mobilidade-doencas-degenerativas.jpg\",\"keywords\":[\"doen\u00e7as degenerativas\",\"mobilidade\",\"motora\",\"salvap\u00e9\"],\"articleSection\":[\"Estilo de Vida\",\"Preven\u00e7\u00e3o de Feridas\",\"Sa\u00fade\"],\"inLanguage\":\"pt-BR\"},{\"@type\":\"WebPage\",\"@id\":\"https:\/\/salvape.com.br\/blog\/mobilidade-doencas-degenerativas\/\",\"url\":\"https:\/\/salvape.com.br\/blog\/mobilidade-doencas-degenerativas\/\",\"name\":\"Como manter a mobilidade em pacientes com doen\u00e7as degenerativas - SalvaP\u00e9 -\",\"isPartOf\":{\"@id\":\"https:\/\/salvape.com.br\/blog\/#website\"},\"primaryImageOfPage\":{\"@id\":\"https:\/\/salvape.com.br\/blog\/mobilidade-doencas-degenerativas\/#primaryimage\"},\"image\":{\"@id\":\"https:\/\/salvape.com.br\/blog\/mobilidade-doencas-degenerativas\/#primaryimage\"},\"thumbnailUrl\":\"https:\/\/salvape.com.br\/blog\/wp-content\/uploads\/2025\/07\/mobilidade-doencas-degenerativas.jpg\",\"datePublished\":\"2025-07-08T13:36:02+00:00\",\"dateModified\":\"2025-07-08T13:36:04+00:00\",\"description\":\"Entenda as estrat\u00e9gias eficazes para manter a fun\u00e7\u00e3o motora em quadros degenerativos com foco em reabilita\u00e7\u00e3o e adapta\u00e7\u00f5es ambientais. Acesse nosso blog e confira!\",\"breadcrumb\":{\"@id\":\"https:\/\/salvape.com.br\/blog\/mobilidade-doencas-degenerativas\/#breadcrumb\"},\"inLanguage\":\"pt-BR\",\"potentialAction\":[{\"@type\":\"ReadAction\",\"target\":[\"https:\/\/salvape.com.br\/blog\/mobilidade-doencas-degenerativas\/\"]}]},{\"@type\":\"ImageObject\",\"inLanguage\":\"pt-BR\",\"@id\":\"https:\/\/salvape.com.br\/blog\/mobilidade-doencas-degenerativas\/#primaryimage\",\"url\":\"https:\/\/salvape.com.br\/blog\/wp-content\/uploads\/2025\/07\/mobilidade-doencas-degenerativas.jpg\",\"contentUrl\":\"https:\/\/salvape.com.br\/blog\/wp-content\/uploads\/2025\/07\/mobilidade-doencas-degenerativas.jpg\",\"width\":1200,\"height\":655,\"caption\":\"mobilidade-doencas-degenerativas\"},{\"@type\":\"BreadcrumbList\",\"@id\":\"https:\/\/salvape.com.br\/blog\/mobilidade-doencas-degenerativas\/#breadcrumb\",\"itemListElement\":[{\"@type\":\"ListItem\",\"position\":1,\"name\":\"In\u00edcio\",\"item\":\"https:\/\/salvape.com.br\/blog\/\"},{\"@type\":\"ListItem\",\"position\":2,\"name\":\"Como manter a mobilidade em pacientes com doen\u00e7as degenerativas\"}]},{\"@type\":\"WebSite\",\"@id\":\"https:\/\/salvape.com.br\/blog\/#website\",\"url\":\"https:\/\/salvape.com.br\/blog\/\",\"name\":\"SalvaP\u00e9 -\",\"description\":\"Produtos Ortop\u00e9dicos da Cabe\u00e7a aos P\u00e9s\",\"publisher\":{\"@id\":\"https:\/\/salvape.com.br\/blog\/#organization\"},\"potentialAction\":[{\"@type\":\"SearchAction\",\"target\":{\"@type\":\"EntryPoint\",\"urlTemplate\":\"https:\/\/salvape.com.br\/blog\/?s={search_term_string}\"},\"query-input\":{\"@type\":\"PropertyValueSpecification\",\"valueRequired\":true,\"valueName\":\"search_term_string\"}}],\"inLanguage\":\"pt-BR\"},{\"@type\":\"Organization\",\"@id\":\"https:\/\/salvape.com.br\/blog\/#organization\",\"name\":\"Salvape Produtos Ortop\u00e9dicos\",\"url\":\"https:\/\/salvape.com.br\/blog\/\",\"logo\":{\"@type\":\"ImageObject\",\"inLanguage\":\"pt-BR\",\"@id\":\"https:\/\/salvape.com.br\/blog\/#\/schema\/logo\/image\/\",\"url\":\"https:\/\/salvape.com.br\/blog\/wp-content\/uploads\/2018\/06\/logo-rodape.png\",\"contentUrl\":\"https:\/\/salvape.com.br\/blog\/wp-content\/uploads\/2018\/06\/logo-rodape.png\",\"width\":214,\"height\":60,\"caption\":\"Salvape Produtos Ortop\u00e9dicos\"},\"image\":{\"@id\":\"https:\/\/salvape.com.br\/blog\/#\/schema\/logo\/image\/\"},\"sameAs\":[\"https:\/\/www.facebook.com\/salvape.ortopedicos\",\"https:\/\/x.com\/Salvape\",\"https:\/\/www.instagram.com\/salvape.oficial\/\",\"https:\/\/www.youtube.com\/user\/salvapeortopedia\"]},{\"@type\":\"Person\",\"@id\":\"https:\/\/salvape.com.br\/blog\/#\/schema\/person\/a9e8339f29ccb9f8be3cc354103e6a77\",\"name\":\"Equipe Salvap\u00e9\",\"image\":{\"@type\":\"ImageObject\",\"inLanguage\":\"pt-BR\",\"@id\":\"https:\/\/salvape.com.br\/blog\/#\/schema\/person\/image\/\",\"url\":\"https:\/\/secure.gravatar.com\/avatar\/34306bfdcd93bf1e791ea4ccb1acd3edae950b99ef8377ea5c193fd3446bc2c3?s=96&d=mm&r=g\",\"contentUrl\":\"https:\/\/secure.gravatar.com\/avatar\/34306bfdcd93bf1e791ea4ccb1acd3edae950b99ef8377ea5c193fd3446bc2c3?s=96&d=mm&r=g\",\"caption\":\"Equipe Salvap\u00e9\"},\"description\":\"Fundada em 1938, a SalvaP\u00e9 foi pioneira no mercado de produtos ortop\u00e9dicos no Brasil. S\u00e3o mais de 80 anos trabalhando em parceria com os melhores profissionais da sa\u00fade do pa\u00eds para oferecer produtos com foco em inova\u00e7\u00e3o e qualidade. SalvaP\u00e9, desde 1938, Produtos Ortop\u00e9dicos da Cabe\u00e7a aos P\u00e9s.\",\"sameAs\":[\"http:\/\/www.salvape.com.br\"]}]}<\/script>\r\n<!-- \/ Yoast SEO plugin. -->","yoast_head_json":{"title":"Como manter a mobilidade em pacientes com doen\u00e7as degenerativas - SalvaP\u00e9 -","description":"Entenda as estrat\u00e9gias eficazes para manter a fun\u00e7\u00e3o motora em quadros degenerativos com foco em reabilita\u00e7\u00e3o e adapta\u00e7\u00f5es ambientais. Acesse nosso blog e confira!","robots":{"index":"index","follow":"follow","max-snippet":"max-snippet:-1","max-image-preview":"max-image-preview:large","max-video-preview":"max-video-preview:-1"},"canonical":"https:\/\/salvape.com.br\/blog\/mobilidade-doencas-degenerativas\/","og_locale":"pt_BR","og_type":"article","og_title":"Como manter a mobilidade em pacientes com doen\u00e7as degenerativas","og_description":"Entenda as estrat\u00e9gias eficazes para manter a fun\u00e7\u00e3o motora em quadros degenerativos com foco em reabilita\u00e7\u00e3o e adapta\u00e7\u00f5es ambientais. Acesse nosso blog e confira!","og_url":"https:\/\/salvape.com.br\/blog\/mobilidade-doencas-degenerativas\/","og_site_name":"SalvaP\u00e9 -","article_publisher":"https:\/\/www.facebook.com\/salvape.ortopedicos","article_published_time":"2025-07-08T13:36:02+00:00","article_modified_time":"2025-07-08T13:36:04+00:00","og_image":[{"width":1200,"height":655,"url":"https:\/\/salvape.com.br\/blog\/wp-content\/uploads\/2025\/07\/mobilidade-doencas-degenerativas.jpg","type":"image\/jpeg"}],"author":"Equipe Salvap\u00e9","twitter_card":"summary_large_image","twitter_title":"Como manter a mobilidade em pacientes com doen\u00e7as degenerativas","twitter_description":"Entenda as estrat\u00e9gias eficazes para manter a fun\u00e7\u00e3o motora em quadros degenerativos com foco em reabilita\u00e7\u00e3o e adapta\u00e7\u00f5es ambientais. Acesse nosso blog e confira!","twitter_image":"https:\/\/salvape.com.br\/blog\/wp-content\/uploads\/2025\/07\/mobilidade-doencas-degenerativas.jpg","twitter_creator":"@Salvape","twitter_site":"@Salvape","twitter_misc":{"Escrito por":"Equipe Salvap\u00e9","Est. tempo de leitura":"5 minutos"},"schema":{"@context":"https:\/\/schema.org","@graph":[{"@type":"Article","@id":"https:\/\/salvape.com.br\/blog\/mobilidade-doencas-degenerativas\/#article","isPartOf":{"@id":"https:\/\/salvape.com.br\/blog\/mobilidade-doencas-degenerativas\/"},"author":{"name":"Equipe Salvap\u00e9","@id":"https:\/\/salvape.com.br\/blog\/#\/schema\/person\/a9e8339f29ccb9f8be3cc354103e6a77"},"headline":"Como manter a mobilidade em pacientes com doen\u00e7as degenerativas","datePublished":"2025-07-08T13:36:02+00:00","dateModified":"2025-07-08T13:36:04+00:00","mainEntityOfPage":{"@id":"https:\/\/salvape.com.br\/blog\/mobilidade-doencas-degenerativas\/"},"wordCount":823,"publisher":{"@id":"https:\/\/salvape.com.br\/blog\/#organization"},"image":{"@id":"https:\/\/salvape.com.br\/blog\/mobilidade-doencas-degenerativas\/#primaryimage"},"thumbnailUrl":"https:\/\/salvape.com.br\/blog\/wp-content\/uploads\/2025\/07\/mobilidade-doencas-degenerativas.jpg","keywords":["doen\u00e7as degenerativas","mobilidade","motora","salvap\u00e9"],"articleSection":["Estilo de Vida","Preven\u00e7\u00e3o de Feridas","Sa\u00fade"],"inLanguage":"pt-BR"},{"@type":"WebPage","@id":"https:\/\/salvape.com.br\/blog\/mobilidade-doencas-degenerativas\/","url":"https:\/\/salvape.com.br\/blog\/mobilidade-doencas-degenerativas\/","name":"Como manter a mobilidade em pacientes com doen\u00e7as degenerativas - SalvaP\u00e9 -","isPartOf":{"@id":"https:\/\/salvape.com.br\/blog\/#website"},"primaryImageOfPage":{"@id":"https:\/\/salvape.com.br\/blog\/mobilidade-doencas-degenerativas\/#primaryimage"},"image":{"@id":"https:\/\/salvape.com.br\/blog\/mobilidade-doencas-degenerativas\/#primaryimage"},"thumbnailUrl":"https:\/\/salvape.com.br\/blog\/wp-content\/uploads\/2025\/07\/mobilidade-doencas-degenerativas.jpg","datePublished":"2025-07-08T13:36:02+00:00","dateModified":"2025-07-08T13:36:04+00:00","description":"Entenda as estrat\u00e9gias eficazes para manter a fun\u00e7\u00e3o motora em quadros degenerativos com foco em reabilita\u00e7\u00e3o e adapta\u00e7\u00f5es ambientais. Acesse nosso blog e confira!","breadcrumb":{"@id":"https:\/\/salvape.com.br\/blog\/mobilidade-doencas-degenerativas\/#breadcrumb"},"inLanguage":"pt-BR","potentialAction":[{"@type":"ReadAction","target":["https:\/\/salvape.com.br\/blog\/mobilidade-doencas-degenerativas\/"]}]},{"@type":"ImageObject","inLanguage":"pt-BR","@id":"https:\/\/salvape.com.br\/blog\/mobilidade-doencas-degenerativas\/#primaryimage","url":"https:\/\/salvape.com.br\/blog\/wp-content\/uploads\/2025\/07\/mobilidade-doencas-degenerativas.jpg","contentUrl":"https:\/\/salvape.com.br\/blog\/wp-content\/uploads\/2025\/07\/mobilidade-doencas-degenerativas.jpg","width":1200,"height":655,"caption":"mobilidade-doencas-degenerativas"},{"@type":"BreadcrumbList","@id":"https:\/\/salvape.com.br\/blog\/mobilidade-doencas-degenerativas\/#breadcrumb","itemListElement":[{"@type":"ListItem","position":1,"name":"In\u00edcio","item":"https:\/\/salvape.com.br\/blog\/"},{"@type":"ListItem","position":2,"name":"Como manter a mobilidade em pacientes com doen\u00e7as degenerativas"}]},{"@type":"WebSite","@id":"https:\/\/salvape.com.br\/blog\/#website","url":"https:\/\/salvape.com.br\/blog\/","name":"SalvaP\u00e9 -","description":"Produtos Ortop\u00e9dicos da Cabe\u00e7a aos P\u00e9s","publisher":{"@id":"https:\/\/salvape.com.br\/blog\/#organization"},"potentialAction":[{"@type":"SearchAction","target":{"@type":"EntryPoint","urlTemplate":"https:\/\/salvape.com.br\/blog\/?s={search_term_string}"},"query-input":{"@type":"PropertyValueSpecification","valueRequired":true,"valueName":"search_term_string"}}],"inLanguage":"pt-BR"},{"@type":"Organization","@id":"https:\/\/salvape.com.br\/blog\/#organization","name":"Salvape Produtos Ortop\u00e9dicos","url":"https:\/\/salvape.com.br\/blog\/","logo":{"@type":"ImageObject","inLanguage":"pt-BR","@id":"https:\/\/salvape.com.br\/blog\/#\/schema\/logo\/image\/","url":"https:\/\/salvape.com.br\/blog\/wp-content\/uploads\/2018\/06\/logo-rodape.png","contentUrl":"https:\/\/salvape.com.br\/blog\/wp-content\/uploads\/2018\/06\/logo-rodape.png","width":214,"height":60,"caption":"Salvape Produtos Ortop\u00e9dicos"},"image":{"@id":"https:\/\/salvape.com.br\/blog\/#\/schema\/logo\/image\/"},"sameAs":["https:\/\/www.facebook.com\/salvape.ortopedicos","https:\/\/x.com\/Salvape","https:\/\/www.instagram.com\/salvape.oficial\/","https:\/\/www.youtube.com\/user\/salvapeortopedia"]},{"@type":"Person","@id":"https:\/\/salvape.com.br\/blog\/#\/schema\/person\/a9e8339f29ccb9f8be3cc354103e6a77","name":"Equipe Salvap\u00e9","image":{"@type":"ImageObject","inLanguage":"pt-BR","@id":"https:\/\/salvape.com.br\/blog\/#\/schema\/person\/image\/","url":"https:\/\/secure.gravatar.com\/avatar\/34306bfdcd93bf1e791ea4ccb1acd3edae950b99ef8377ea5c193fd3446bc2c3?s=96&d=mm&r=g","contentUrl":"https:\/\/secure.gravatar.com\/avatar\/34306bfdcd93bf1e791ea4ccb1acd3edae950b99ef8377ea5c193fd3446bc2c3?s=96&d=mm&r=g","caption":"Equipe Salvap\u00e9"},"description":"Fundada em 1938, a SalvaP\u00e9 foi pioneira no mercado de produtos ortop\u00e9dicos no Brasil. S\u00e3o mais de 80 anos trabalhando em parceria com os melhores profissionais da sa\u00fade do pa\u00eds para oferecer produtos com foco em inova\u00e7\u00e3o e qualidade. SalvaP\u00e9, desde 1938, Produtos Ortop\u00e9dicos da Cabe\u00e7a aos P\u00e9s.","sameAs":["http:\/\/www.salvape.com.br"]}]}},"_links":{"self":[{"href":"https:\/\/salvape.com.br\/blog\/wp-json\/wp\/v2\/posts\/974","targetHints":{"allow":["GET"]}}],"collection":[{"href":"https:\/\/salvape.com.br\/blog\/wp-json\/wp\/v2\/posts"}],"about":[{"href":"https:\/\/salvape.com.br\/blog\/wp-json\/wp\/v2\/types\/post"}],"author":[{"embeddable":true,"href":"https:\/\/salvape.com.br\/blog\/wp-json\/wp\/v2\/users\/1"}],"replies":[{"embeddable":true,"href":"https:\/\/salvape.com.br\/blog\/wp-json\/wp\/v2\/comments?post=974"}],"version-history":[{"count":2,"href":"https:\/\/salvape.com.br\/blog\/wp-json\/wp\/v2\/posts\/974\/revisions"}],"predecessor-version":[{"id":977,"href":"https:\/\/salvape.com.br\/blog\/wp-json\/wp\/v2\/posts\/974\/revisions\/977"}],"wp:featuredmedia":[{"embeddable":true,"href":"https:\/\/salvape.com.br\/blog\/wp-json\/wp\/v2\/media\/976"}],"wp:attachment":[{"href":"https:\/\/salvape.com.br\/blog\/wp-json\/wp\/v2\/media?parent=974"}],"wp:term":[{"taxonomy":"category","embeddable":true,"href":"https:\/\/salvape.com.br\/blog\/wp-json\/wp\/v2\/categories?post=974"},{"taxonomy":"post_tag","embeddable":true,"href":"https:\/\/salvape.com.br\/blog\/wp-json\/wp\/v2\/tags?post=974"}],"curies":[{"name":"wp","href":"https:\/\/api.w.org\/{rel}","templated":true}]}}